{"id":211042,"date":"2026-01-01T21:00:11","date_gmt":"2026-01-01T21:00:11","guid":{"rendered":"https:\/\/www.europesays.com\/pt\/211042\/"},"modified":"2026-01-01T21:00:11","modified_gmt":"2026-01-01T21:00:11","slug":"russia-envia-aos-eua-analises-dos-drones-que-atacaram-residencia-de-putin-guerra-na-ucrania","status":"publish","type":"post","link":"https:\/\/www.europesays.com\/pt\/211042\/","title":{"rendered":"R\u00fassia envia aos EUA an\u00e1lises dos drones que atacaram resid\u00eancia de Putin | Guerra na Ucr\u00e2nia"},"content":{"rendered":"<p>A R\u00fassia vai enviar para os Estados Unidos as an\u00e1lises aos destro\u00e7os dos drones que alegadamente atacaram a resid\u00eancia do Presidente russo na regi\u00e3o de Novgorod, no passado fim-de-semana, indicou nesta quinta-feira o Minist\u00e9rio da Defesa daquele pa\u00eds.<\/p>\n<p>\u201cEsses materiais [dos destro\u00e7os dos drones] ser\u00e3o transferidos \u00e0 parte norte-americana atrav\u00e9s dos canais estabelecidos\u201d, comunicou o Minist\u00e9rio da Defesa russo na rede social Telegram.<\/p>\n<p>O \u00f3rg\u00e3o militar avan\u00e7ou que realizou uma inspec\u00e7\u00e3o t\u00e9cnica ao sistema de navega\u00e7\u00e3o de um dos ve\u00edculos a\u00e9reos n\u00e3o tripulados ucranianos abatidos sobre a regi\u00e3o de Novgorod na noite de 29 de Dezembro. \u201cOs agentes de intelig\u00eancia russos conseguiram extrair o arquivo da miss\u00e3o de voo\u201d do <a href=\"https:\/\/www.publico.pt\/2026\/01\/01\/mundo\/noticia\/russia-acusa-ucrania-matar-24-pessoas-ataque-drones-passagem-ano-2159794\" target=\"_blank\" rel=\"nofollow noopener\">drone<\/a>, explicou o Minist\u00e9rio.<\/p>\n<p>Segundo o Minist\u00e9rio da Defesa, \u201ca descodifica\u00e7\u00e3o dos dados da rota revelou que o objectivo final do ataque ucraniano de 29 de Dezembro era uma instala\u00e7\u00e3o na resid\u00eancia presidencial russa na regi\u00e3o de Novgorod\u201d.<\/p>\n<p>Na quarta-feira, o Minist\u00e9rio da Defesa divulgou detalhes sobre o ataque ucraniano com drones <a href=\"https:\/\/www.publico.pt\/2025\/12\/29\/mundo\/noticia\/putin-trump-ucrania-tentou-atacar-residencia-presidencial-ferias-2159576\" target=\"_blank\" rel=\"nofollow noopener\">contra a resid\u00eancia de Putin<\/a> na localidade de Vald\u00e1i, indicando que, a partir de diferentes pontos de descolagem, um total de 91 drones voaram em direc\u00e7\u00e3o ao alvo sobrevoando as regi\u00f5es de Briansk, Smolensk, Tver e Novgorod.<\/p>\n<p>Na segunda-feira, o Kremlin classificou o ataque ucraniano como \u201cum atentado contra Trump\u201d, uma vez que prejudicava as negocia\u00e7\u00f5es de paz na Ucr\u00e2nia lideradas pelo Presidente dos Estados Unidos.<\/p>\n<p>Embora n\u00e3o tenha revelado como, o porta-voz do Kremlin, Dmitri Peskov, indicou que a R\u00fassia <a href=\"https:\/\/www.publico.pt\/2025\/12\/30\/mundo\/noticia\/russia-vai-endurecer-posicao-negocial-apos-ataque-ucrania-falso-2159700\" target=\"_blank\" rel=\"nofollow noopener\">endureceria<\/a> a sua postura durante as negocia\u00e7\u00f5es de paz.<\/p>\n<p>Entretanto, Donald Trump, que no fim-de-semana se <a href=\"https:\/\/www.publico.pt\/2025\/12\/28\/mundo\/noticia\/trump-putin-empenhado-paz-dois-lideres-querem-chegar-acordo-2159496\" target=\"_blank\" rel=\"nofollow noopener\">reuniu com Volodymyr Zelensky<\/a> e falou por telefone com Putin, partilhou, na quarta-feira, nas redes sociais um editorial do jornal The New York Post que acusa Moscovo de inventar o ataque para boicotar o processo de paz com Kiev. Segundo o Presidente norte-americano, a reac\u00e7\u00e3o exagerada da R\u00fassia demonstra que \u00e9 Moscovo quem est\u00e1 a atrapalhar as negocia\u00e7\u00f5es de paz com a Ucr\u00e2nia.<\/p>\n<p>O Wall Street Journal noticia que a CIA n\u00e3o encontrou qualquer ind\u00edcio de que Kiev tenha atacado recentemente com drones uma resid\u00eancia do Presidente russo.<\/p>\n<p>Desde o in\u00edcio da <a href=\"https:\/\/www.publico.pt\/guerra-ucrania\" target=\"_blank\" rel=\"nofollow noopener\">guerra na Ucr\u00e2nia<\/a> em 2022 que as autoridades de Kiev denunciaram mais de uma dezena de tentativas de assassinato ou sequestro contra o Presidente ucraniano, Volodymyr Zelensky, incluindo uma nos primeiros dias da invas\u00e3o russa, quando o ex\u00e9rcito chegou \u00e0 capital da Ucr\u00e2nia e houve combates perto da administra\u00e7\u00e3o presidencial.<\/p>\n<p>Esta \u00e9 a primeira vez que a R\u00fassia denuncia um ataque que poder\u00e1 ter sido dirigido contra o l\u00edder russo, que desde o in\u00edcio do conflito refor\u00e7ou a sua seguran\u00e7a.<\/p>\n","protected":false},"excerpt":{"rendered":"A R\u00fassia vai enviar para os Estados Unidos as an\u00e1lises aos destro\u00e7os dos drones que alegadamente atacaram a&hellip;\n","protected":false},"author":2,"featured_media":211043,"comment_status":"","ping_status":"","sticky":false,"template":"","format":"standard","meta":{"footnotes":""},"categories":[8],"tags":[27,28,92,235,15,16,889,14,4167,25,26,21,22,4617,62,12,13,19,20,32,23,24,33,3813,839,17,18,840,29,30,31,2416],"class_list":{"0":"post-211042","1":"post","2":"type-post","3":"status-publish","4":"format-standard","5":"has-post-thumbnail","7":"category-principais-noticias","8":"tag-breaking-news","9":"tag-breakingnews","10":"tag-donald-trump","11":"tag-estados-unidos","12":"tag-featured-news","13":"tag-featurednews","14":"tag-guerra-na-ucrania","15":"tag-headlines","16":"tag-kiev","17":"tag-latest-news","18":"tag-latestnews","19":"tag-main-news","20":"tag-mainnews","21":"tag-moscovo","22":"tag-mundo","23":"tag-news","24":"tag-noticias","25":"tag-noticias-principais","26":"tag-noticiasprincipais","27":"tag-portugal","28":"tag-principais-noticias","29":"tag-principaisnoticias","30":"tag-pt","31":"tag-putin","32":"tag-russia","33":"tag-top-stories","34":"tag-topstories","35":"tag-ucrania","36":"tag-ultimas","37":"tag-ultimas-noticias","38":"tag-ultimasnoticias","39":"tag-volodymyr-zelensky"},"share_on_mastodon":{"url":"","error":"Validation failed: Text character limit of 500 exceeded"},"_links":{"self":[{"href":"https:\/\/www.europesays.com\/pt\/wp-json\/wp\/v2\/posts\/211042","targetHints":{"allow":["GET"]}}],"collection":[{"href":"https:\/\/www.europesays.com\/pt\/wp-json\/wp\/v2\/posts"}],"about":[{"href":"https:\/\/www.europesays.com\/pt\/wp-json\/wp\/v2\/types\/post"}],"author":[{"embeddable":true,"href":"https:\/\/www.europesays.com\/pt\/wp-json\/wp\/v2\/users\/2"}],"replies":[{"embeddable":true,"href":"https:\/\/www.europesays.com\/pt\/wp-json\/wp\/v2\/comments?post=211042"}],"version-history":[{"count":0,"href":"https:\/\/www.europesays.com\/pt\/wp-json\/wp\/v2\/posts\/211042\/revisions"}],"wp:featuredmedia":[{"embeddable":true,"href":"https:\/\/www.europesays.com\/pt\/wp-json\/wp\/v2\/media\/211043"}],"wp:attachment":[{"href":"https:\/\/www.europesays.com\/pt\/wp-json\/wp\/v2\/media?parent=211042"}],"wp:term":[{"taxonomy":"category","embeddable":true,"href":"https:\/\/www.europesays.com\/pt\/wp-json\/wp\/v2\/categories?post=211042"},{"taxonomy":"post_tag","embeddable":true,"href":"https:\/\/www.europesays.com\/pt\/wp-json\/wp\/v2\/tags?post=211042"}],"curies":[{"name":"wp","href":"https:\/\/api.w.org\/{rel}","templated":true}]}}