{"id":211051,"date":"2026-01-01T21:10:34","date_gmt":"2026-01-01T21:10:34","guid":{"rendered":"https:\/\/www.europesays.com\/pt\/211051\/"},"modified":"2026-01-01T21:10:34","modified_gmt":"2026-01-01T21:10:34","slug":"atmosfera-primitiva-da-terra-pode-ter-despejado-ingredientes-essenciais-a-vida-noticias-r7","status":"publish","type":"post","link":"https:\/\/www.europesays.com\/pt\/211051\/","title":{"rendered":"Atmosfera primitiva da Terra pode ter despejado ingredientes essenciais \u00e0 vida \u2013 Noticias R7"},"content":{"rendered":"<p><img decoding=\"async\" data-chromatic=\"ignore\" alt=\"\" class=\"c-image\" loading=\"lazy\" src=\"https:\/\/www.europesays.com\/pt\/wp-content\/uploads\/2026\/01\/CMIZODCJBFBN7DZIMFLZGFHUOM.jpeg\"  width=\"2048\" height=\"1152\"\/>Atmosfera primitiva da Terra pode ter produzido mol\u00e9culas da vida (Imagem: Gerada por IA\/ Gemini) Fala Ci\u00eancia <\/p>\n<p class=\"jarvics:base-text-neutral-high-400 base-text-[calc(theme(fontSize.xs)_*_var(--font-size,_1))] base-font-normal base-font-primary base-text-neutral-low-500 base-text-left\">\n<p>A origem da vida na Terra continua sendo um dos <strong>maiores enigmas da ci\u00eancia<\/strong>, e novos estudos indicam que a atmosfera primitiva do planeta pode ter desempenhado um papel mais ativo do que se imaginava. Pesquisadores da Universidade do Colorado em Boulder demonstraram que <strong>mol\u00e9culas contendo enxofre<\/strong>, como amino\u00e1cidos e coenzimas essenciais, poderiam ter sido produzidas <strong>naturalmente no ar<\/strong>, caindo posteriormente sobre oceanos e solos. Essa descoberta amplia nossa compreens\u00e3o sobre os <strong>primeiros ingredientes da vida<\/strong> e desafia teorias anteriores que associavam a forma\u00e7\u00e3o desses compostos exclusivamente \u00e0 atividade biol\u00f3gica.<\/p>\n<\/p>\n<p class=\"jarvics:base-text-neutral-high-400 base-text-[calc(theme(fontSize.xs)_*_var(--font-size,_1))] base-font-normal base-font-primary base-text-neutral-low-500 base-text-left\"><strong>Simula\u00e7\u00f5es revelam mol\u00e9culas essenciais<\/strong><\/p>\n<p><img decoding=\"async\" data-chromatic=\"ignore\" alt=\"\" class=\"c-image\" loading=\"lazy\" src=\"https:\/\/www.europesays.com\/pt\/wp-content\/uploads\/2026\/01\/OKTC2ARV6NEL3GVN6WMMWI3AJI.jpeg\"  width=\"1024\" height=\"576\"\/>Mol\u00e9culas de enxofre essenciais \u00e0 vida surgiram antes dos seres vivos (Imagem: Gerada por IA\/ Gemini)<br \/>\n Fala Ci\u00eancia <\/p>\n<p class=\"jarvics:base-text-neutral-high-400 base-text-[calc(theme(fontSize.xs)_*_var(--font-size,_1))] base-font-normal base-font-primary base-text-neutral-low-500 base-text-left\">\n<p>Em experimentos de laborat\u00f3rio, os cientistas simularam a <strong>atmosfera da Terra primitiva<\/strong>, utilizando uma mistura de metano, di\u00f3xido de carbono, nitrog\u00eanio e sulfeto de hidrog\u00eanio exposta \u00e0 luz. Os resultados foram surpreendentes:<\/p>\n<\/p>\n<p class=\"jarvics:base-text-neutral-high-400 base-text-[calc(theme(fontSize.xs)_*_var(--font-size,_1))] base-font-normal base-font-primary base-text-neutral-low-500 base-text-left\">\n<ul class=\"wp-block-list\">\n<li>Produ\u00e7\u00e3o de <strong>amino\u00e1cidos de enxofre<\/strong>, incluindo ciste\u00edna e taurina;<\/li>\n<li>Forma\u00e7\u00e3o da <strong>coenzima M<\/strong>, essencial para processos metab\u00f3licos;<\/li>\n<li>Evid\u00eancia de que essas mol\u00e9culas poderiam surgir <strong>sem interven\u00e7\u00e3o biol\u00f3gica<\/strong>;<\/li>\n<li>Potencial de gerar <strong>quantidades suficientes para bilh\u00f5es de c\u00e9lulas<\/strong>, mesmo em um planeta sem vida;<\/li>\n<li>Distribui\u00e7\u00e3o natural de compostos atrav\u00e9s da chuva, facilitando o surgimento de ecossistemas primitivos.<\/li>\n<\/ul>\n<p class=\"jarvics:base-text-neutral-high-400 base-text-[calc(theme(fontSize.xs)_*_var(--font-size,_1))] base-font-normal base-font-primary base-text-neutral-low-500 base-text-left\"><strong>Implica\u00e7\u00f5es para a origem da vida<\/strong><\/p>\n<p><img decoding=\"async\" data-chromatic=\"ignore\" alt=\"\" class=\"c-image\" loading=\"lazy\" src=\"https:\/\/www.europesays.com\/pt\/wp-content\/uploads\/2026\/01\/JJFNEZUVQRC4LP3SCSFILF7LUQ.jpeg\"  width=\"1024\" height=\"576\"\/>Estudo sugere c\u00e9us antigos ajudaram a criar amino\u00e1cidos na Terra (Imagem: Gerada por IA\/ Gemini)<br \/>\n Fala Ci\u00eancia <\/p>\n<p class=\"jarvics:base-text-neutral-high-400 base-text-[calc(theme(fontSize.xs)_*_var(--font-size,_1))] base-font-normal base-font-primary base-text-neutral-low-500 base-text-left\">\n<p>Os achados indicam que a vida n\u00e3o precisou depender exclusivamente de <strong>condi\u00e7\u00f5es extremas<\/strong>, como proximidade de vulc\u00f5es ou fontes hidrotermais, para acessar compostos complexos. Pelo contr\u00e1rio, <strong>biomol\u00e9culas essenciais<\/strong> poderiam estar amplamente dispon\u00edveis em regi\u00f5es comuns da Terra primitiva, criando um cen\u00e1rio mais favor\u00e1vel para a emerg\u00eancia da vida.<\/p>\n<\/p>\n<p class=\"jarvics:base-text-neutral-high-400 base-text-[calc(theme(fontSize.xs)_*_var(--font-size,_1))] base-font-normal base-font-primary base-text-neutral-low-500 base-text-left\">\n<p>Al\u00e9m disso, a pesquisa abre novas perspectivas para a <strong>astrobiologia<\/strong>: se mol\u00e9culas de enxofre podem se formar naturalmente na atmosfera terrestre, <strong>exoplanetas com condi\u00e7\u00f5es semelhantes<\/strong> podem tamb\u00e9m gerar os blocos fundamentais da vida sem necessariamente abrigar organismos vivos.<\/p>\n<\/p>\n<p class=\"jarvics:base-text-neutral-high-400 base-text-[calc(theme(fontSize.xs)_*_var(--font-size,_1))] base-font-normal base-font-primary base-text-neutral-low-500 base-text-left\">\n<p>Essa descoberta refor\u00e7a a import\u00e2ncia de estudar a <strong>qu\u00edmica atmosf\u00e9rica primitiva<\/strong> e sugere que o surgimento da vida foi facilitado por uma abund\u00e2ncia de compostos essenciais dispon\u00edveis de forma natural. Assim, a vida pode ter come\u00e7ado com um \u201c<strong>aporte atmosf\u00e9rico<\/strong>\u201d de mol\u00e9culas complexas, tornando o c\u00e9u da Terra antigo um verdadeiro ber\u00e7o qu\u00edmico para a evolu\u00e7\u00e3o inicial.<\/p><\/p>\n","protected":false},"excerpt":{"rendered":"Atmosfera primitiva da Terra pode ter produzido mol\u00e9culas da vida (Imagem: Gerada por IA\/ Gemini) Fala Ci\u00eancia A&hellip;\n","protected":false},"author":2,"featured_media":211052,"comment_status":"","ping_status":"","sticky":false,"template":"","format":"standard","meta":{"footnotes":""},"categories":[84],"tags":[109,107,108,32,33,105,103,104,106,110],"class_list":{"0":"post-211051","1":"post","2":"type-post","3":"status-publish","4":"format-standard","5":"has-post-thumbnail","7":"category-ciencia-e-tecnologia","8":"tag-ciencia","9":"tag-ciencia-e-tecnologia","10":"tag-cienciaetecnologia","11":"tag-portugal","12":"tag-pt","13":"tag-science","14":"tag-science-and-technology","15":"tag-scienceandtechnology","16":"tag-technology","17":"tag-tecnologia"},"share_on_mastodon":{"url":"https:\/\/pubeurope.com\/@pt\/115821898896962750","error":""},"_links":{"self":[{"href":"https:\/\/www.europesays.com\/pt\/wp-json\/wp\/v2\/posts\/211051","targetHints":{"allow":["GET"]}}],"collection":[{"href":"https:\/\/www.europesays.com\/pt\/wp-json\/wp\/v2\/posts"}],"about":[{"href":"https:\/\/www.europesays.com\/pt\/wp-json\/wp\/v2\/types\/post"}],"author":[{"embeddable":true,"href":"https:\/\/www.europesays.com\/pt\/wp-json\/wp\/v2\/users\/2"}],"replies":[{"embeddable":true,"href":"https:\/\/www.europesays.com\/pt\/wp-json\/wp\/v2\/comments?post=211051"}],"version-history":[{"count":0,"href":"https:\/\/www.europesays.com\/pt\/wp-json\/wp\/v2\/posts\/211051\/revisions"}],"wp:featuredmedia":[{"embeddable":true,"href":"https:\/\/www.europesays.com\/pt\/wp-json\/wp\/v2\/media\/211052"}],"wp:attachment":[{"href":"https:\/\/www.europesays.com\/pt\/wp-json\/wp\/v2\/media?parent=211051"}],"wp:term":[{"taxonomy":"category","embeddable":true,"href":"https:\/\/www.europesays.com\/pt\/wp-json\/wp\/v2\/categories?post=211051"},{"taxonomy":"post_tag","embeddable":true,"href":"https:\/\/www.europesays.com\/pt\/wp-json\/wp\/v2\/tags?post=211051"}],"curies":[{"name":"wp","href":"https:\/\/api.w.org\/{rel}","templated":true}]}}