{"id":211059,"date":"2026-01-01T21:15:11","date_gmt":"2026-01-01T21:15:11","guid":{"rendered":"https:\/\/www.europesays.com\/pt\/211059\/"},"modified":"2026-01-01T21:15:11","modified_gmt":"2026-01-01T21:15:11","slug":"rute-cardoso-viuva-de-diogo-jota-faz-partilha-emotiva","status":"publish","type":"post","link":"https:\/\/www.europesays.com\/pt\/211059\/","title":{"rendered":"Rute Cardoso, vi\u00fava de Diogo Jota, faz partilha emotiva"},"content":{"rendered":"<p>2025 ficar\u00e1 para sempre marcado na mem\u00f3ria de <a href=\"https:\/\/selfie.iol.pt\/famosos\/diogo-jota\/em-momento-incrivelmente-dificil-rute-cardoso-viuva-de-diogo-jota-quebra-o-silencio\/20261228\/6950e149d34e3caad84cd7cd\" target=\"_blank\" rel=\"nofollow noopener\">Rute Cardoso<\/a>: no mesmo ano em que se casou com Diogo Jota, Rute Cardoso viria a perder, apenas duas semanas depois, o amor da sua vida num tr\u00e1gico acidente de via\u00e7\u00e3o.<\/p>\n<p>Para assinalar a chegada de 2026,\u00a0Rute Cardoso recorreu \u00e0s redes sociais, poucas horas antes da meia-noite, para se despedir em definitivo do ano mais dif\u00edcil da respetiva vida.<\/p>\n<p>&#8220;Adeus, 2025. A Deus, 2026&#8221;, pode ler-se na publica\u00e7\u00e3o realizada pela vi\u00fava de <a href=\"https:\/\/selfie.iol.pt\/famosos\/diogo-jota\/rute-cardoso-viuva-de-diogo-jota-reaparece-em-publico-por-um-motivo-arrepiante\/20251227\/69501ac3d34e2bd5c6d58ec0\" target=\"_blank\" rel=\"nofollow noopener\">Diogo Jota<\/a>.<\/p>\n<p>Veja, agora, a partilha realizada por Rute Cardoso.<\/p>\n<p style=\"text-align:center\"><img loading=\"lazy\" decoding=\"async\" alt=\"\" height=\"769\" src=\"https:\/\/www.europesays.com\/pt\/wp-content\/uploads\/2026\/01\/69569273d34e3caad84cfd22.webp\" width=\"500\"\/><\/p>\n<p>\u00a0<\/p>\n","protected":false},"excerpt":{"rendered":"2025 ficar\u00e1 para sempre marcado na mem\u00f3ria de Rute Cardoso: no mesmo ano em que se casou com&hellip;\n","protected":false},"author":2,"featured_media":211060,"comment_status":"","ping_status":"","sticky":false,"template":"","format":"standard","meta":{"footnotes":""},"categories":[145],"tags":[32377,211,210,1691,114,115,980,1015,619,32,33,10175,1012],"class_list":{"0":"post-211059","1":"post","2":"type-post","3":"status-publish","4":"format-standard","5":"has-post-thumbnail","7":"category-celebridades","8":"tag-balanco","9":"tag-celebridades","10":"tag-celebrities","11":"tag-diogo-jota","12":"tag-entertainment","13":"tag-entretenimento","14":"tag-famosos","15":"tag-instagram","16":"tag-nacional","17":"tag-portugal","18":"tag-pt","19":"tag-rute-cardoso","20":"tag-selfie"},"share_on_mastodon":{"url":"https:\/\/pubeurope.com\/@pt\/115821918469382197","error":""},"_links":{"self":[{"href":"https:\/\/www.europesays.com\/pt\/wp-json\/wp\/v2\/posts\/211059","targetHints":{"allow":["GET"]}}],"collection":[{"href":"https:\/\/www.europesays.com\/pt\/wp-json\/wp\/v2\/posts"}],"about":[{"href":"https:\/\/www.europesays.com\/pt\/wp-json\/wp\/v2\/types\/post"}],"author":[{"embeddable":true,"href":"https:\/\/www.europesays.com\/pt\/wp-json\/wp\/v2\/users\/2"}],"replies":[{"embeddable":true,"href":"https:\/\/www.europesays.com\/pt\/wp-json\/wp\/v2\/comments?post=211059"}],"version-history":[{"count":0,"href":"https:\/\/www.europesays.com\/pt\/wp-json\/wp\/v2\/posts\/211059\/revisions"}],"wp:featuredmedia":[{"embeddable":true,"href":"https:\/\/www.europesays.com\/pt\/wp-json\/wp\/v2\/media\/211060"}],"wp:attachment":[{"href":"https:\/\/www.europesays.com\/pt\/wp-json\/wp\/v2\/media?parent=211059"}],"wp:term":[{"taxonomy":"category","embeddable":true,"href":"https:\/\/www.europesays.com\/pt\/wp-json\/wp\/v2\/categories?post=211059"},{"taxonomy":"post_tag","embeddable":true,"href":"https:\/\/www.europesays.com\/pt\/wp-json\/wp\/v2\/tags?post=211059"}],"curies":[{"name":"wp","href":"https:\/\/api.w.org\/{rel}","templated":true}]}}