{"id":21108,"date":"2025-08-08T13:05:11","date_gmt":"2025-08-08T13:05:11","guid":{"rendered":"https:\/\/www.europesays.com\/pt\/21108\/"},"modified":"2025-08-08T13:05:11","modified_gmt":"2025-08-08T13:05:11","slug":"localizacao-dos-amigos-e-republicacao-de-reels-novas-funcoes-do-instagram-levantam-questoes-sobre-privacidade","status":"publish","type":"post","link":"https:\/\/www.europesays.com\/pt\/21108\/","title":{"rendered":"Localiza\u00e7\u00e3o dos amigos e republica\u00e7\u00e3o de &#8220;reels&#8221;: novas fun\u00e7\u00f5es do Instagram levantam quest\u00f5es sobre privacidade"},"content":{"rendered":"<p class=\"category\"><a href=\"https:\/\/sicnoticias.pt\/mundo\" rel=\"nofollow noopener\" target=\"_blank\">Mundo<\/a><\/p>\n<p class=\"g-article-lead lead\" data-field=\"lead\">Uma das novas funcionalidade anunciadas pela Meta \u00e9 o &#8220;Instagram Map&#8221; que permite descobrir novos conte\u00fados a partir da localiza\u00e7\u00e3o mais recente de amigos e criadores favoritos.<\/p>\n<p><img decoding=\"async\" src=\"https:\/\/www.europesays.com\/pt\/wp-content\/uploads\/2025\/08\/1754658311_652_original.webp\" alt=\"Localiza\u00e7\u00e3o dos amigos e republica\u00e7\u00e3o de &quot;reels&quot;: novas fun\u00e7\u00f5es do Instagram levantam quest\u00f5es sobre privacidade\"\/><\/p>\n<p>Michael Dwyer\/AP Photo<\/p>\n<p><strong>A rede social Instagram atualizou a sua plataforma para permitir a republica\u00e7\u00e3o de conte\u00fados e introduzir um mapa que possibilita descobrir novas publica\u00e7\u00f5es a partir da localiza\u00e7\u00e3o dos amigos, levantando quest\u00f5es sobre a privacidade dos utilizadores.<\/strong><\/p>\n<p>Uma das novas funcionalidade anunciadas pela Meta \u00e9 o &#8220;Instagram Map&#8221; que permite descobrir novos conte\u00fados a partir da localiza\u00e7\u00e3o mais recente de amigos e criadores favoritos.<\/p>\n<p>A partilha de localiza\u00e7\u00e3o est\u00e1 desativada por predefini\u00e7\u00e3o, o<strong> que significa que o mapa s\u00f3 ir\u00e1 mostrar a localiza\u00e7\u00e3o dos utilizadores que a tenham ativado<\/strong>, mas n\u00e3o o far\u00e1 em tempo real, sendo atualizado sempre que a aplica\u00e7\u00e3o for aberta.<\/p>\n<p>Esta novidade gerou v\u00e1rias d\u00favidas sobre a privacidade dos utilizadores, tendo a rede social explicado que a ativa\u00e7\u00e3o desta fun\u00e7\u00e3o requer uma <strong>dupla verifica\u00e7\u00e3o do consentimento<\/strong>, o que significa que, depois de os utilizadores optarem por partilhar a sua localiza\u00e7\u00e3o, a aplica\u00e7\u00e3o confirma se os utilizadores est\u00e3o de acordo com os termos definidos.<\/p>\n<blockquote><p> &#8220;Estamos a rever tudo duas vezes, mas at\u00e9 agora parece que a maioria das pessoas est\u00e1 confusa e assume que, como podem ver-se no mapa quando o abrem, outras pessoas tamb\u00e9m podem v\u00ea-las&#8221;, informou o respons\u00e1vel da rede social, Adam Mosseri, citado pela Europa Press.  <\/p><\/blockquote>\n<p>Contudo, segundo a ag\u00eancia de not\u00edcias, desativar a localiza\u00e7\u00e3o tanto na aplica\u00e7\u00e3o como no dispositivo n\u00e3o fazia com que os utilizadores desaparecessem do mapa.<\/p>\n<p>Al\u00e9m disso, \u00e0 semelhan\u00e7a do TikTok, a rede social da Meta ir\u00e1 agora possibilitar a republica\u00e7\u00e3o de &#8220;reels&#8221; (v\u00eddeos curtos) e publica\u00e7\u00f5es, desde que tenham sido partilhados publicamente, tendo um separador pr\u00f3prio para o efeito, de forma a alcan\u00e7ar mais pessoas.<\/p>\n","protected":false},"excerpt":{"rendered":"Mundo Uma das novas funcionalidade anunciadas pela Meta \u00e9 o &#8220;Instagram Map&#8221; que permite descobrir novos conte\u00fados a&hellip;\n","protected":false},"author":2,"featured_media":21109,"comment_status":"","ping_status":"","sticky":false,"template":"","format":"standard","meta":{"footnotes":""},"categories":[84],"tags":[109,107,108,32,33,105,103,104,106,110],"class_list":{"0":"post-21108","1":"post","2":"type-post","3":"status-publish","4":"format-standard","5":"has-post-thumbnail","7":"category-ciencia-e-tecnologia","8":"tag-ciencia","9":"tag-ciencia-e-tecnologia","10":"tag-cienciaetecnologia","11":"tag-portugal","12":"tag-pt","13":"tag-science","14":"tag-science-and-technology","15":"tag-scienceandtechnology","16":"tag-technology","17":"tag-tecnologia"},"share_on_mastodon":{"url":"","error":""},"_links":{"self":[{"href":"https:\/\/www.europesays.com\/pt\/wp-json\/wp\/v2\/posts\/21108","targetHints":{"allow":["GET"]}}],"collection":[{"href":"https:\/\/www.europesays.com\/pt\/wp-json\/wp\/v2\/posts"}],"about":[{"href":"https:\/\/www.europesays.com\/pt\/wp-json\/wp\/v2\/types\/post"}],"author":[{"embeddable":true,"href":"https:\/\/www.europesays.com\/pt\/wp-json\/wp\/v2\/users\/2"}],"replies":[{"embeddable":true,"href":"https:\/\/www.europesays.com\/pt\/wp-json\/wp\/v2\/comments?post=21108"}],"version-history":[{"count":0,"href":"https:\/\/www.europesays.com\/pt\/wp-json\/wp\/v2\/posts\/21108\/revisions"}],"wp:featuredmedia":[{"embeddable":true,"href":"https:\/\/www.europesays.com\/pt\/wp-json\/wp\/v2\/media\/21109"}],"wp:attachment":[{"href":"https:\/\/www.europesays.com\/pt\/wp-json\/wp\/v2\/media?parent=21108"}],"wp:term":[{"taxonomy":"category","embeddable":true,"href":"https:\/\/www.europesays.com\/pt\/wp-json\/wp\/v2\/categories?post=21108"},{"taxonomy":"post_tag","embeddable":true,"href":"https:\/\/www.europesays.com\/pt\/wp-json\/wp\/v2\/tags?post=21108"}],"curies":[{"name":"wp","href":"https:\/\/api.w.org\/{rel}","templated":true}]}}