{"id":211081,"date":"2026-01-01T21:42:17","date_gmt":"2026-01-01T21:42:17","guid":{"rendered":"https:\/\/www.europesays.com\/pt\/211081\/"},"modified":"2026-01-01T21:42:17","modified_gmt":"2026-01-01T21:42:17","slug":"vereador-do-cds-pp-no-funchal-atropela-pessoa-sob-efeito-do-alcool-e-suspende-mandato","status":"publish","type":"post","link":"https:\/\/www.europesays.com\/pt\/211081\/","title":{"rendered":"Vereador do CDS-PP no Funchal atropela pessoa sob efeito do \u00e1lcool e suspende mandato"},"content":{"rendered":"<p data-remotead-prev-elm=\"true\" data-remotead-elm-id=\"inread\">Em comunicado divulgado na imprensa regional, Leandro Silva, que integra o executivo liderado pela coliga\u00e7\u00e3o PSD\/CDS-PP, explica que esta quinta-feira de manh\u00e3, ap\u00f3s os festejos de fim de ano, atropelou uma pessoa na rua do Carmo, em circunst\u00e2ncias que considera &#8220;n\u00e3o abonam nada&#8221; a seu favor.<\/p>\n<p>Contactado pela ag\u00eancia Lusa, o presidente da autarquia, o social-democrata Jorge Carvalho, confirmou o pedido de suspens\u00e3o do vereador, bem como as circunst\u00e2ncias que o motivaram, indicando que Leandro Silva ser\u00e1 agora substitu\u00eddo por outro elemento indicado pelo CDS-PP.<\/p>\n<p>No comunicado, divulgado no &#8220;Di\u00e1rio de Not\u00edcias da Madeira&#8221; e no &#8220;JM&#8221;, mas que n\u00e3o foi remetido \u00e0 ag\u00eancia Lusa, Leandro Silva admite que tinha bebido e que a taxa de alcool\u00e9mia registada pela PSP foi de 1,99. O vereador apresenta &#8220;sentidas desculpas&#8221; \u00e0 v\u00edtima do atropelamento, afirmando que a socorreu logo ap\u00f3s o acidente.<\/p>\n<p data-remotead-prev-elm=\"true\" data-remotead-elm-id=\"centro1\">Tamb\u00e9m pede desculpas \u00e0 fam\u00edlia do acidentado, prometendo o apoio necess\u00e1rio. &#8220;Pe\u00e7o desculpas a todos os cidad\u00e3os porque cometi um grave erro ao conduzir sob o efeito do \u00e1lcool quando deveria ser um dos primeiros a dar o exemplo de n\u00e3o o fazer&#8221;, sublinha.<\/p>\n<blockquote data-type=\"articles\" data-id=\"related-article-18035890\"><p>\n              <strong>Leia tamb\u00e9m <\/strong><br \/>\n              <a href=\"https:\/\/www.jn.pt\/nacional\/artigo\/onze-mortos-nas-estradas-e-255-detidos-por-excesso-de-alcool-em-cinco-dias\/18035890\" rel=\"nofollow noopener\" target=\"_blank\">Onze mortos nas estradas e 255 detidos por excesso de \u00e1lcool em cinco dias<\/a>\n            <\/p><\/blockquote>\n<p>Leandro Silva, que tinha a seu cargo os pelouros de recursos humanos, assuntos jur\u00eddicos, auditoria interna e prote\u00e7\u00e3o de dados, apresenta ainda desculpas ao presidente da C\u00e2mara Municipal e ao presidente do CDS-PP\/Madeira, Jos\u00e9 Manuel Rodrigues, tamb\u00e9m secret\u00e1rio regional da Economia no executivo de coliga\u00e7\u00e3o PSD\/CDS-PP.<\/p>\n<p data-remotead-prev-elm=\"true\" data-remotead-elm-id=\"centro2\">&#8220;A minha conduta, da qual me arrependo profundamente, n\u00e3o honra estas institui\u00e7\u00f5es que sempre procurei servir com honradez e integridade&#8221;, sustenta, admitindo que o seu comportamento ao conduzir sob o efeito do \u00e1lcool \u00e9 &#8220;reprov\u00e1vel&#8221; e assumindo, por isso, &#8220;todas as responsabilidades&#8221; inerentes ao seu &#8220;grave ato&#8221;.<\/p>\n<p>De acordo com a imprensa regional, o atropelamento ocorreu cerca das 9.30 horas e a v\u00edtima foi um homem de 58 anos, com ferimentos num bra\u00e7o e na cabe\u00e7a, que foi transportado ao Hospital Dr. N\u00e9lio Mendon\u00e7a.<\/p>\n","protected":false},"excerpt":{"rendered":"Em comunicado divulgado na imprensa regional, Leandro Silva, que integra o executivo liderado pela coliga\u00e7\u00e3o PSD\/CDS-PP, explica que&hellip;\n","protected":false},"author":2,"featured_media":211082,"comment_status":"","ping_status":"","sticky":false,"template":"","format":"standard","meta":{"footnotes":""},"categories":[10],"tags":[2240,27,28,41383,15,16,14,25,26,21,22,12,13,19,20,32,23,24,33,13144,17,18,29,30,31],"class_list":{"0":"post-211081","1":"post","2":"type-post","3":"status-publish","4":"format-standard","5":"has-post-thumbnail","7":"category-portugal","8":"tag-atropelamento","9":"tag-breaking-news","10":"tag-breakingnews","11":"tag-concelho-funchal","12":"tag-featured-news","13":"tag-featurednews","14":"tag-headlines","15":"tag-latest-news","16":"tag-latestnews","17":"tag-main-news","18":"tag-mainnews","19":"tag-news","20":"tag-noticias","21":"tag-noticias-principais","22":"tag-noticiasprincipais","23":"tag-portugal","24":"tag-principais-noticias","25":"tag-principaisnoticias","26":"tag-pt","27":"tag-sinistralidade","28":"tag-top-stories","29":"tag-topstories","30":"tag-ultimas","31":"tag-ultimas-noticias","32":"tag-ultimasnoticias"},"share_on_mastodon":{"url":"https:\/\/pubeurope.com\/@pt\/115822024634217331","error":""},"_links":{"self":[{"href":"https:\/\/www.europesays.com\/pt\/wp-json\/wp\/v2\/posts\/211081","targetHints":{"allow":["GET"]}}],"collection":[{"href":"https:\/\/www.europesays.com\/pt\/wp-json\/wp\/v2\/posts"}],"about":[{"href":"https:\/\/www.europesays.com\/pt\/wp-json\/wp\/v2\/types\/post"}],"author":[{"embeddable":true,"href":"https:\/\/www.europesays.com\/pt\/wp-json\/wp\/v2\/users\/2"}],"replies":[{"embeddable":true,"href":"https:\/\/www.europesays.com\/pt\/wp-json\/wp\/v2\/comments?post=211081"}],"version-history":[{"count":0,"href":"https:\/\/www.europesays.com\/pt\/wp-json\/wp\/v2\/posts\/211081\/revisions"}],"wp:featuredmedia":[{"embeddable":true,"href":"https:\/\/www.europesays.com\/pt\/wp-json\/wp\/v2\/media\/211082"}],"wp:attachment":[{"href":"https:\/\/www.europesays.com\/pt\/wp-json\/wp\/v2\/media?parent=211081"}],"wp:term":[{"taxonomy":"category","embeddable":true,"href":"https:\/\/www.europesays.com\/pt\/wp-json\/wp\/v2\/categories?post=211081"},{"taxonomy":"post_tag","embeddable":true,"href":"https:\/\/www.europesays.com\/pt\/wp-json\/wp\/v2\/tags?post=211081"}],"curies":[{"name":"wp","href":"https:\/\/api.w.org\/{rel}","templated":true}]}}