{"id":211106,"date":"2026-01-01T22:10:20","date_gmt":"2026-01-01T22:10:20","guid":{"rendered":"https:\/\/www.europesays.com\/pt\/211106\/"},"modified":"2026-01-01T22:10:20","modified_gmt":"2026-01-01T22:10:20","slug":"marcelo-recupera-eca-para-se-despedir-de-um-pais-adiado-observador","status":"publish","type":"post","link":"https:\/\/www.europesays.com\/pt\/211106\/","title":{"rendered":"Marcelo recupera E\u00e7a para se despedir de um pa\u00eds adiado \u2013 Observador"},"content":{"rendered":"<p>A \u00faltima e mais curta mensagem de Ano Novo de Marcelo Rebelo de Sousa. Mas nem por isso isenta de recados para a classe pol\u00edtica. Na comunica\u00e7\u00e3o que fez ao pa\u00eds esta quinta-feira, o Presidente da Rep\u00fablica recuperou E\u00e7a de Queiroz, possivelmente o escritor que melhor conseguiu retratar a psique\u00a0portuguesa, para lamentar que, por entre muitas virtudes e qualidades do povo, haja um pa\u00eds pol\u00edtico sempre \u00e0 espera de um milagre que venha finalmente resolver todos os problemas.<\/p>\n<p>Em concreto, Marcelo Rebelo de Sousa usou uma passagem da obra A Ilustre Casa de Ramires\u00a0em que as personagens falam de Gon\u00e7alo Mendes Ramires, um velho fidalgo que serve como personifica\u00e7\u00e3o de Portugal. L\u00ea-se no livro:\u00a0 \u201cOs fogachos e entusiasmos, que acabam logo em fumo, e juntamente muita\u00a0 persist\u00eancia, muito aferro quando se fila \u00e0 sua ideia\u2026 A generosidade, o <strong>desleixo<\/strong>, a constante <strong>trapalhada nos neg\u00f3cios<\/strong>, e sentimentos de muita honra, uns escr\u00fapulos, quase pueris, n\u00e3o \u00e9 verdade?\u2026 A imagina\u00e7\u00e3o que o leva sempre a exagerar at\u00e9 \u00e0 <strong>mentira<\/strong>, e ao mesmo tempo um esp\u00edrito pr\u00e1tico, sempre atento \u00e0 realidade \u00fatil\u201d.<\/p>\n<p>E continua: \u201cA viveza, a facilidade em compreender, em apanhar\u2026 A esperan\u00e7a constante nalgum milagre, no <strong>velho milagre de Ourique<\/strong>, que sanar\u00e1 todas as dificuldades\u2026 A vaidade, o gosto de se arrebicar, de luzir, e uma simplicidade t\u00e3o grande, que d\u00e1 na rua o bra\u00e7o a um mendigo\u2026 Um fundo de melancolia, apesar de t\u00e3o palrador, t\u00e3o soci\u00e1vel. A desconfian\u00e7a terr\u00edvel de si mesmo, que o <strong>acobarda<\/strong>, o encolhe, at\u00e9 que um dia se decide, e aparece um her\u00f3i, que tudo arrasa\u2026 At\u00e9 aquela antiguidade de ra\u00e7a, aqui pegada \u00e0 sua velha Torre, h\u00e1 mil anos\u2026 At\u00e9 agora aquele arranque para a \u00c1frica\u2026 Assim todo completo, com o bem, com o mal, sabem voc\u00eas quem ele me lembra? Portugal.\u201d<\/p>\n<p>No momento em que se despede do Pal\u00e1cio de Bel\u00e9m dez anos depois de ter sido eleito, Marcelo Rebelo de Sousa foi lendo esta passagem de A Ilustre Casa de Ramires para lamentar, sem nunca ser direto, o facto de Portugal, com todas as suas virtudes, continuar a ser um pa\u00eds adiado, de \u201cfogachos\u201d, de \u201cdesleixo\u201d, de \u201ctrapalhadas\u201d e n\u00e3o raras vezes mais \u00e0 espera de um \u201c<strong>milagre<\/strong>\u201d que resolva tudo do que verdadeiramente empenhado em mudar de vida.<\/p>\n<p>Recorde-se que o Presidente da Rep\u00fablica tinha prometido fazer apenas uma comunica\u00e7\u00e3o curta e neutral para n\u00e3o contaminar a campanha eleitoral. Apesar de tudo, este diagn\u00f3stico pode ser interpretado como uma cr\u00edtica a <strong>Ant\u00f3nio Costa<\/strong>, com quem conviveu durante oito anos, e a <strong>Lu\u00eds Montenegro<\/strong>, com quem tem mantido uma rela\u00e7\u00e3o dif\u00edcil desde que este foi eleito primeiro-ministro.<\/p>\n<p>Sem se alongar, Marcelo Rebelo de Sousa n\u00e3o deixou de formular desejos para 2026: que Portugal possa ter no pr\u00f3ximo ano \u201cmais Sa\u00fade\u201d, \u201cmais Educa\u00e7\u00e3o\u201d, \u201cmais Habita\u00e7\u00e3o\u201d, \u201cmais Justi\u00e7a\u201d, \u201cainda mais crescimento\u201d, \u201cainda mais emprego\u201d, \u201cmenor pobreza\u201d e \u201csempre <strong>maior toler\u00e2ncia<\/strong>, maior concord\u00e2ncia e sentido de coes\u00e3o nacional\u201d.<\/p>\n<p>Falando sobre o novo ciclo que se apresenta no horizonte, e que ter\u00e1 necessariamente um novo protagonista no Pal\u00e1cio de Bel\u00e9m, Marcelo Rebelo de Sousa disse por fim estar convicto que o futuro ser\u00e1 \u201cmelhor\u201d do que o passado.<\/p>\n","protected":false},"excerpt":{"rendered":"A \u00faltima e mais curta mensagem de Ano Novo de Marcelo Rebelo de Sousa. Mas nem por isso&hellip;\n","protected":false},"author":2,"featured_media":211107,"comment_status":"","ping_status":"","sticky":false,"template":"","format":"standard","meta":{"footnotes":""},"categories":[10],"tags":[27,28,15,16,14,25,26,21,22,588,12,13,19,20,302,32,589,23,24,33,17,18,29,30,31],"class_list":{"0":"post-211106","1":"post","2":"type-post","3":"status-publish","4":"format-standard","5":"has-post-thumbnail","7":"category-portugal","8":"tag-breaking-news","9":"tag-breakingnews","10":"tag-featured-news","11":"tag-featurednews","12":"tag-headlines","13":"tag-latest-news","14":"tag-latestnews","15":"tag-main-news","16":"tag-mainnews","17":"tag-marcelo-rebelo-de-sousa","18":"tag-news","19":"tag-noticias","20":"tag-noticias-principais","21":"tag-noticiasprincipais","22":"tag-polu00edtica","23":"tag-portugal","24":"tag-presidente-da-repu00fablica","25":"tag-principais-noticias","26":"tag-principaisnoticias","27":"tag-pt","28":"tag-top-stories","29":"tag-topstories","30":"tag-ultimas","31":"tag-ultimas-noticias","32":"tag-ultimasnoticias"},"share_on_mastodon":{"url":"https:\/\/pubeurope.com\/@pt\/115822134750117379","error":""},"_links":{"self":[{"href":"https:\/\/www.europesays.com\/pt\/wp-json\/wp\/v2\/posts\/211106","targetHints":{"allow":["GET"]}}],"collection":[{"href":"https:\/\/www.europesays.com\/pt\/wp-json\/wp\/v2\/posts"}],"about":[{"href":"https:\/\/www.europesays.com\/pt\/wp-json\/wp\/v2\/types\/post"}],"author":[{"embeddable":true,"href":"https:\/\/www.europesays.com\/pt\/wp-json\/wp\/v2\/users\/2"}],"replies":[{"embeddable":true,"href":"https:\/\/www.europesays.com\/pt\/wp-json\/wp\/v2\/comments?post=211106"}],"version-history":[{"count":0,"href":"https:\/\/www.europesays.com\/pt\/wp-json\/wp\/v2\/posts\/211106\/revisions"}],"wp:featuredmedia":[{"embeddable":true,"href":"https:\/\/www.europesays.com\/pt\/wp-json\/wp\/v2\/media\/211107"}],"wp:attachment":[{"href":"https:\/\/www.europesays.com\/pt\/wp-json\/wp\/v2\/media?parent=211106"}],"wp:term":[{"taxonomy":"category","embeddable":true,"href":"https:\/\/www.europesays.com\/pt\/wp-json\/wp\/v2\/categories?post=211106"},{"taxonomy":"post_tag","embeddable":true,"href":"https:\/\/www.europesays.com\/pt\/wp-json\/wp\/v2\/tags?post=211106"}],"curies":[{"name":"wp","href":"https:\/\/api.w.org\/{rel}","templated":true}]}}