{"id":211122,"date":"2026-01-01T22:29:10","date_gmt":"2026-01-01T22:29:10","guid":{"rendered":"https:\/\/www.europesays.com\/pt\/211122\/"},"modified":"2026-01-01T22:29:10","modified_gmt":"2026-01-01T22:29:10","slug":"sexta-na-tv-da-finlandia-a-china-com-o-americano-e-folie-a-deux-televisao","status":"publish","type":"post","link":"https:\/\/www.europesays.com\/pt\/211122\/","title":{"rendered":"Sexta na TV: da Finl\u00e2ndia \u00e0 China, com O Americano e folie \u00e0 deux | Televis\u00e3o"},"content":{"rendered":"<p>CINEMA<\/p>\n<p dir=\"ltr\"><strong><a href=\"https:\/\/cinecartaz.publico.pt\/filme\/joker-loucura-dois-412446\" rel=\"nofollow noopener\" target=\"_blank\">Joker: Loucura a Dois<\/a><\/strong><br \/><strong>TVCine Top, 21h30<\/strong><\/p>\n<p dir=\"ltr\">Mistura de thriller, romance, drama e musical, \u00e9 a sequela de <a href=\"https:\/\/cinecartaz.publico.pt\/filme\/joker-396482\" rel=\"nofollow noopener\" target=\"_blank\">Joker <\/a>(2019), que valeu a Todd Phillips o Le\u00e3o de Ouro em Veneza e a Joaquin Phoenix o \u00d3scar de melhor actor. Reencontramo-lo na pele de Arthur Fleck, comediante desprezado, agora internado no hospital psiqui\u00e1trico de Arkham, onde aguarda julgamento e onde conhece Harleen Quinzel (Lady Gaga), psic\u00f3loga com quem desenvolve uma rela\u00e7\u00e3o perturbadora.<\/p>\n<p dir=\"ltr\"><strong><a href=\"https:\/\/cinecartaz.publico.pt\/Filme\/219275_o-estranho-caso-de-benjamin-button\" rel=\"nofollow noopener\" target=\"_blank\">O Estranho Caso de Benjamin Button<\/a><\/strong><br \/><strong>AMC, 22h10<\/strong><\/p>\n<p dir=\"ltr\">A partir do conto de F. Scott Fitzgerald, David Fincher filma a hist\u00f3ria de Benjamin Button, um homem com um destino curioso: nascido com 80 anos, vai regredindo na idade at\u00e9 ser um beb\u00e9. O filme narra o seu percurso e reflecte sobre aquilo que consegue sobreviver \u00e0 passagem (mesmo que inversa) do tempo. Ganhou tr\u00eas dos 13 \u00d3scares para que foi nomeado. Al\u00e9m de Brad Pitt no papel principal, conta com Cate Blanchett, Tilda Swinton, Taraji P. Henson, Julia Ormond, Jason Flemyng e Elias Koteas.<\/p>\n<p dir=\"ltr\"><strong><a href=\"https:\/\/cinecartaz.publico.pt\/Filme\/289332_cowboys-e-aliens\" rel=\"nofollow noopener\" target=\"_blank\">Cowboys &amp; Aliens<\/a><\/strong><br \/><strong>AXN, 00h31<\/strong><\/p>\n<p dir=\"ltr\">A fic\u00e7\u00e3o cient\u00edfica encontra-se com o western neste filme de Jon Favreau, baseado na banda desenhada de Scott Mitchell Rosenberg. Um homem (Daniel Craig) acorda sem mem\u00f3ria numa pequena cidade do Velho Oeste. Depressa se d\u00e1 conta de que os forasteiros n\u00e3o s\u00e3o bem-vindos e que quem dita a lei \u00e9 o tem\u00edvel coronel Dolarhyde (Harrison Ford). Quando se d\u00e1 um ataque de naves alien\u00edgenas, a popula\u00e7\u00e3o entra em p\u00e2nico e algumas pessoas s\u00e3o raptadas. \u00c9 ent\u00e3o que cowboys, criminosos e apaches se unem contra um advers\u00e1rio que n\u00e3o tenciona deixar ningu\u00e9m vivo.<\/p>\n<p>S\u00c9RIES<\/p>\n<p dir=\"ltr\"><strong>Terra de Pecadores<\/strong><br \/><strong>Netflix, streaming<\/strong><\/p>\n<p dir=\"ltr\">Estreia. Chega da Su\u00e9cia o thriller criminal de Peter Gr\u00f6nlund, que o descreve como \u201cum lugar onde a vergonha, o amor e a viol\u00eancia partilham o mesmo pulso\u201d. Krista Kosonen encarna uma investigadora a bra\u00e7os com a morte de uma adolescente, caso que \u00e9 pressionada a resolver antes que o patriarca daquela fam\u00edlia fa\u00e7a justi\u00e7a por conta pr\u00f3pria. Conta-se em cinco epis\u00f3dios.<\/p>\n<p dir=\"ltr\"><strong>O Americano<\/strong><br \/><strong>RTP1, 00h15<\/strong><\/p>\n<p dir=\"ltr\">Ivo M. Ferreira filma \u2014 e tamb\u00e9m escreve, com Bruno Vieira Amaral e H\u00e9lder Beja \u2014 esta s\u00e9rie inspirada em Faustino \u201cO Americano\u201d Cavaco, o l\u00edder do bando de assaltantes de bancos que fez manchetes nos anos 1980. No elenco alinham Jo\u00e3o Estima, Ivo Canelas, Adriano Luz, Jani Zhao, Adriano Carvalho, Carloto Cotta, Gon\u00e7alo Waddington, Isac Gra\u00e7a, Jo\u00e3o Pedro Mamede, Pedro Carraca e Vera Moura, al\u00e9m de Ana Bustorff, Jos\u00e9 Neto, Rui Morisson e Zeca Medeiros em participa\u00e7\u00f5es especiais. O Americano volta ao primeiro canal para ficar nos ser\u00f5es de sexta.<\/p>\n<p>DOCUMENT\u00c1RIO<\/p>\n<p dir=\"ltr\"><strong>Retratos da China<\/strong><br \/><strong>RTP2, 20h35<\/strong><\/p>\n<p dir=\"ltr\">Milhares de negativos recuperados em Pequim, pelo coleccionador franc\u00eas Thomas Sauvin, comp\u00f5em um mosaico da China p\u00f3s-mao\u00edsta, quais janelas com vista para uma altura de grandes mudan\u00e7as mas na perspectiva do quotidiano. Remontam ao in\u00edcio dos anos 1980, quando o pa\u00eds estava em processo de moderniza\u00e7\u00e3o e acelera\u00e7\u00e3o econ\u00f3mica. \u201cAlgumas destas fotografias ganharam valor hist\u00f3rico ao longo do tempo, outras oferecem a poesia de momentos fugazes\u201d, explica a sinopse. O \u201cseu poder geral\u201d, acrescenta, \u201creside na sua qualidade mundana, que nos aproxima destes estranhos que parecem olhar para n\u00f3s\u201d. O document\u00e1rio \u00e9 da autoria de Emiland Guillerme e data de 2022.<\/p>\n<p>M\u00daSICA<\/p>\n<p dir=\"ltr\"><strong>Concertos Cl\u00e1ssicos: Eurovis\u00e3o &#8211; Finl\u00e2ndia<\/strong><br \/><strong>RTP2, 23h05<\/strong><\/p>\n<p dir=\"ltr\">O quarto momento dos Concertos Cl\u00e1ssicos \u2014 projecto da Eurovis\u00e3o e da BBC que d\u00e1 palco televisivo a grandes orquestras europeias \u2014 \u00e9 protagonizado pela Orquestra Sinf\u00f3nica da R\u00e1dio Finlandesa, dirigida por Nicholas Collo na Music House, em Hels\u00ednquia.<\/p>\n<p>COM\u00c9DIA<\/p>\n<p dir=\"ltr\"><strong>Gilm\u00e1rio Vemba na Altice Arena<\/strong><br \/><strong>RTP1, 1h15<\/strong><\/p>\n<p dir=\"ltr\">Recorda\u00e7\u00e3o do espect\u00e1culo que Gilm\u00e1rio Vemba deu na sala lisboeta (entretanto renomeada Meo Arena) que encheu para o ver a 1 de Dezembro de 2023. Foi o culminar da digress\u00e3o Temas, que levou o humorista angolano a mais de 80 cidades, sempre com novas piadas na bagagem.<\/p>\n<p>        &#13;<\/p>\n<p>&#13;<br \/>\n                &#13;\n            <\/p>\n<p>&#13;<\/p>\n","protected":false},"excerpt":{"rendered":"CINEMA Joker: Loucura a DoisTVCine Top, 21h30 Mistura de thriller, romance, drama e musical, \u00e9 a sequela de&hellip;\n","protected":false},"author":2,"featured_media":211123,"comment_status":"","ping_status":"","sticky":false,"template":"","format":"standard","meta":{"footnotes":""},"categories":[142],"tags":[470,767,1413,1414,114,115,294,150,32,33,291,941,940,218,151],"class_list":{"0":"post-211122","1":"post","2":"type-post","3":"status-publish","4":"format-standard","5":"has-post-thumbnail","7":"category-tv","8":"tag-cinema","9":"tag-comedia","10":"tag-cultura-ipsilon","11":"tag-documentario","12":"tag-entertainment","13":"tag-entretenimento","14":"tag-lazer","15":"tag-musica","16":"tag-portugal","17":"tag-pt","18":"tag-relaxar","19":"tag-series","20":"tag-streaming","21":"tag-televisao","22":"tag-tv"},"share_on_mastodon":{"url":"https:\/\/pubeurope.com\/@pt\/115822209413001711","error":""},"_links":{"self":[{"href":"https:\/\/www.europesays.com\/pt\/wp-json\/wp\/v2\/posts\/211122","targetHints":{"allow":["GET"]}}],"collection":[{"href":"https:\/\/www.europesays.com\/pt\/wp-json\/wp\/v2\/posts"}],"about":[{"href":"https:\/\/www.europesays.com\/pt\/wp-json\/wp\/v2\/types\/post"}],"author":[{"embeddable":true,"href":"https:\/\/www.europesays.com\/pt\/wp-json\/wp\/v2\/users\/2"}],"replies":[{"embeddable":true,"href":"https:\/\/www.europesays.com\/pt\/wp-json\/wp\/v2\/comments?post=211122"}],"version-history":[{"count":0,"href":"https:\/\/www.europesays.com\/pt\/wp-json\/wp\/v2\/posts\/211122\/revisions"}],"wp:featuredmedia":[{"embeddable":true,"href":"https:\/\/www.europesays.com\/pt\/wp-json\/wp\/v2\/media\/211123"}],"wp:attachment":[{"href":"https:\/\/www.europesays.com\/pt\/wp-json\/wp\/v2\/media?parent=211122"}],"wp:term":[{"taxonomy":"category","embeddable":true,"href":"https:\/\/www.europesays.com\/pt\/wp-json\/wp\/v2\/categories?post=211122"},{"taxonomy":"post_tag","embeddable":true,"href":"https:\/\/www.europesays.com\/pt\/wp-json\/wp\/v2\/tags?post=211122"}],"curies":[{"name":"wp","href":"https:\/\/api.w.org\/{rel}","templated":true}]}}