{"id":211126,"date":"2026-01-01T22:38:08","date_gmt":"2026-01-01T22:38:08","guid":{"rendered":"https:\/\/www.europesays.com\/pt\/211126\/"},"modified":"2026-01-01T22:38:08","modified_gmt":"2026-01-01T22:38:08","slug":"desacatos-na-zona-velha-e-rua-das-fontes-fazem-varios-feridos-na-primeira-madrugada-de-2026","status":"publish","type":"post","link":"https:\/\/www.europesays.com\/pt\/211126\/","title":{"rendered":"Desacatos na zona velha e Rua das Fontes fazem v\u00e1rios feridos na primeira madrugada de 2026"},"content":{"rendered":"\n<p class=\"p_0\">Pelo menos duas pessoas ficaram feridas na sequ\u00eancia de desacatos ocorridos na Rua das Fontes, na madrugada desta quinta-feira, que motivaram mesmo uma interven\u00e7\u00e3o policial de peso.<\/p>\n<p class=\"p_1\">A situa\u00e7\u00e3o desenrolou-se cerca das 4 horas, quando um suposto desentendimento a envolver v\u00e1rias pessoas ter\u00e1 escalado para confrontos f\u00edsicos. Em resultado, um homem ficou ferido na face e na cabe\u00e7a ap\u00f3s ter ca\u00eddo durante a confus\u00e3o, que s\u00f3 ficou sanada ap\u00f3s a chegada de v\u00e1rios agentes da Pol\u00edcia de Seguran\u00e7a P\u00fablica (PSP). De acordo com relatos de testemunhas, uma outra pessoa tamb\u00e9m ter\u00e1 sofrido ferimentos ligeiros, mas abandonou o local aquando do refor\u00e7o da interven\u00e7\u00e3o policial.<\/p>\n<p class=\"p_2\">Para prestar socorro \u00e0s v\u00edtimas, foram acionadas duas ambul\u00e2ncias da Cruz Vermelha Portuguesa, mas sabe o JM que os desacatos continuaram ap\u00f3s a chegada das equipas de emerg\u00eancia, impedindo mesmo os socorristas de abordarem as v\u00edtimas. Por esse motivo, o contingente policial teve de ser refor\u00e7ado com a mobiliza\u00e7\u00e3o de uma equipa de interven\u00e7\u00e3o r\u00e1pida da PSP para o local.<\/p>\n<p class=\"p_3\">Menos de uma hora antes desta ocorr\u00eancia, a Cruz Vermelha j\u00e1 tinha estado na Rua das Fontes, para socorrer um homem de aproximadamente 30 anos, encontrado inconsciente ap\u00f3s ter alegadamente consumido produtos estupefacientes.<\/p>\n<p class=\"p_4\">Tamb\u00e9m na madrugada deste primeiro dia de 2026, mas na Rua de Santa Maria, na zona velha do Funchal, dois turistas, de nacionalidade estrangeira, foram agredidos e apresentavam escoria\u00e7\u00f5es e ferimentos ligeiros na face. Os Bombeiros Volunt\u00e1rios Madeirenses mobilizaram duas ambul\u00e2ncias para o local.<\/p>\n","protected":false},"excerpt":{"rendered":"Pelo menos duas pessoas ficaram feridas na sequ\u00eancia de desacatos ocorridos na Rua das Fontes, na madrugada desta&hellip;\n","protected":false},"author":2,"featured_media":211127,"comment_status":"","ping_status":"","sticky":false,"template":"","format":"standard","meta":{"footnotes":""},"categories":[10],"tags":[27,28,15,16,14,25,26,21,22,12,13,19,20,32,23,24,33,1180,17,18,29,30,31],"class_list":{"0":"post-211126","1":"post","2":"type-post","3":"status-publish","4":"format-standard","5":"has-post-thumbnail","7":"category-portugal","8":"tag-breaking-news","9":"tag-breakingnews","10":"tag-featured-news","11":"tag-featurednews","12":"tag-headlines","13":"tag-latest-news","14":"tag-latestnews","15":"tag-main-news","16":"tag-mainnews","17":"tag-news","18":"tag-noticias","19":"tag-noticias-principais","20":"tag-noticiasprincipais","21":"tag-portugal","22":"tag-principais-noticias","23":"tag-principaisnoticias","24":"tag-pt","25":"tag-redacao","26":"tag-top-stories","27":"tag-topstories","28":"tag-ultimas","29":"tag-ultimas-noticias","30":"tag-ultimasnoticias"},"share_on_mastodon":{"url":"https:\/\/pubeurope.com\/@pt\/115822244932182661","error":""},"_links":{"self":[{"href":"https:\/\/www.europesays.com\/pt\/wp-json\/wp\/v2\/posts\/211126","targetHints":{"allow":["GET"]}}],"collection":[{"href":"https:\/\/www.europesays.com\/pt\/wp-json\/wp\/v2\/posts"}],"about":[{"href":"https:\/\/www.europesays.com\/pt\/wp-json\/wp\/v2\/types\/post"}],"author":[{"embeddable":true,"href":"https:\/\/www.europesays.com\/pt\/wp-json\/wp\/v2\/users\/2"}],"replies":[{"embeddable":true,"href":"https:\/\/www.europesays.com\/pt\/wp-json\/wp\/v2\/comments?post=211126"}],"version-history":[{"count":0,"href":"https:\/\/www.europesays.com\/pt\/wp-json\/wp\/v2\/posts\/211126\/revisions"}],"wp:featuredmedia":[{"embeddable":true,"href":"https:\/\/www.europesays.com\/pt\/wp-json\/wp\/v2\/media\/211127"}],"wp:attachment":[{"href":"https:\/\/www.europesays.com\/pt\/wp-json\/wp\/v2\/media?parent=211126"}],"wp:term":[{"taxonomy":"category","embeddable":true,"href":"https:\/\/www.europesays.com\/pt\/wp-json\/wp\/v2\/categories?post=211126"},{"taxonomy":"post_tag","embeddable":true,"href":"https:\/\/www.europesays.com\/pt\/wp-json\/wp\/v2\/tags?post=211126"}],"curies":[{"name":"wp","href":"https:\/\/api.w.org\/{rel}","templated":true}]}}