{"id":211132,"date":"2026-01-01T22:43:07","date_gmt":"2026-01-01T22:43:07","guid":{"rendered":"https:\/\/www.europesays.com\/pt\/211132\/"},"modified":"2026-01-01T22:43:07","modified_gmt":"2026-01-01T22:43:07","slug":"leandro-nao-felicita-pedro-jorge-e-o-vencedor-de-secret-story-anuncia-decisao","status":"publish","type":"post","link":"https:\/\/www.europesays.com\/pt\/211132\/","title":{"rendered":"Leandro n\u00e3o felicita Pedro Jorge&#8230; e o vencedor de &#8220;Secret Story&#8221; anuncia decis\u00e3o!"},"content":{"rendered":"<p>Pedro Jorge sagrou-se vencedor da nona edi\u00e7\u00e3o de &#8220;Secret Story &#8211; Casa dos Segredos&#8221; e, no momento da vit\u00f3ria, n\u00e3o foi felicitado por Leandro Martins. Os dois desenvolveram uma rela\u00e7\u00e3o de amizade no reality show da TVI mas, nas \u00faltimas semanas, ficaram de costas voltadas.<\/p>\n<p>&#8220;N\u00e3o [falou comigo]. Abracei as pessoas, mas n\u00e3o me lembro de o ter abra\u00e7ado ou de ter falado com ele. Nem sequer o vi&#8221;, confirmou Pedro Jorge, em entrevista a Cristina Ferreira, na emiss\u00e3o especial &#8220;Ano Novo, Vida Nova&#8221;.<\/p>\n<p>&#8220;Fomos muito ligados. Criei realmente uma amizade com ele. Fico tristes, porque acho que ele, nas duas \u00faltimas semanas, a partir do momento em que soube do segredo da Marisa [Pires], mudou completamente a postura. Comigo, principalmente&#8221;, notou o primeiro classificado de &#8220;Secret Story &#8211; Casa dos Segredos&#8221;, n\u00e3o entendendo esta mudan\u00e7a: &#8220;J\u00e1 me disseram tanta coisa&#8230; J\u00e1 me disseram que era ci\u00fame meu, ci\u00fame da Marisa&#8230; N\u00e3o sei muito bem o que lhe passou pela cabe\u00e7a. Ele isolou-se de n\u00f3s. \u00c9ramos poucos e notava-se o facto de ele estar sozinho. Isso preocupava-me muito.&#8221;<\/p>\n<p>Questionado pela apresentadora sobre se pretende resolver a situa\u00e7\u00e3o com Leandro Martins,\u00a0Pedro Jorge disse j\u00e1 ter tomado uma decis\u00e3o: &#8220;Acho que n\u00e3o podemos for\u00e7ar nada. Se ele est\u00e1 assim, vou deix\u00e1-lo estar. N\u00e3o vou estar a for\u00e7ar algo que ele n\u00e3o quer. Vamos deixar estar at\u00e9 ele querer falar comigo.&#8221;<\/p>\n","protected":false},"excerpt":{"rendered":"Pedro Jorge sagrou-se vencedor da nona edi\u00e7\u00e3o de &#8220;Secret Story &#8211; Casa dos Segredos&#8221; e, no momento da&hellip;\n","protected":false},"author":2,"featured_media":211133,"comment_status":"","ping_status":"","sticky":false,"template":"","format":"standard","meta":{"footnotes":""},"categories":[142],"tags":[41279,3539,2632,13471,166,114,115,980,19184,21766,619,14646,21416,32,33,1014,1315,6985,16687,16686,1012,6986,16688,151,162,6813],"class_list":{"0":"post-211132","1":"post","2":"type-post","3":"status-publish","4":"format-standard","5":"has-post-thumbnail","7":"category-tv","8":"tag-ano-novo-vida-nova","9":"tag-apresentadora","10":"tag-casa-dos-segredos","11":"tag-casa-dos-segredos-9","12":"tag-cristina-ferreira","13":"tag-entertainment","14":"tag-entretenimento","15":"tag-famosos","16":"tag-marisa","17":"tag-marisa-pires","18":"tag-nacional","19":"tag-pedro","20":"tag-pedro-jorge","21":"tag-portugal","22":"tag-pt","23":"tag-reality-show","24":"tag-secret-story","25":"tag-secret-story-casa-dos-segredos","26":"tag-secret-story-casa-dos-segredos-9","27":"tag-secret-story-9","28":"tag-selfie","29":"tag-ss","30":"tag-ss9","31":"tag-tv","32":"tag-tvi","33":"tag-vencedor"},"share_on_mastodon":{"url":"https:\/\/pubeurope.com\/@pt\/115822264509526606","error":""},"_links":{"self":[{"href":"https:\/\/www.europesays.com\/pt\/wp-json\/wp\/v2\/posts\/211132","targetHints":{"allow":["GET"]}}],"collection":[{"href":"https:\/\/www.europesays.com\/pt\/wp-json\/wp\/v2\/posts"}],"about":[{"href":"https:\/\/www.europesays.com\/pt\/wp-json\/wp\/v2\/types\/post"}],"author":[{"embeddable":true,"href":"https:\/\/www.europesays.com\/pt\/wp-json\/wp\/v2\/users\/2"}],"replies":[{"embeddable":true,"href":"https:\/\/www.europesays.com\/pt\/wp-json\/wp\/v2\/comments?post=211132"}],"version-history":[{"count":0,"href":"https:\/\/www.europesays.com\/pt\/wp-json\/wp\/v2\/posts\/211132\/revisions"}],"wp:featuredmedia":[{"embeddable":true,"href":"https:\/\/www.europesays.com\/pt\/wp-json\/wp\/v2\/media\/211133"}],"wp:attachment":[{"href":"https:\/\/www.europesays.com\/pt\/wp-json\/wp\/v2\/media?parent=211132"}],"wp:term":[{"taxonomy":"category","embeddable":true,"href":"https:\/\/www.europesays.com\/pt\/wp-json\/wp\/v2\/categories?post=211132"},{"taxonomy":"post_tag","embeddable":true,"href":"https:\/\/www.europesays.com\/pt\/wp-json\/wp\/v2\/tags?post=211132"}],"curies":[{"name":"wp","href":"https:\/\/api.w.org\/{rel}","templated":true}]}}