{"id":211143,"date":"2026-01-01T22:54:12","date_gmt":"2026-01-01T22:54:12","guid":{"rendered":"https:\/\/www.europesays.com\/pt\/211143\/"},"modified":"2026-01-01T22:54:12","modified_gmt":"2026-01-01T22:54:12","slug":"veja-a-decoracao-de-ano-novo-da-mansao-de-xuxa-meneghel-em-angra-dos-reis","status":"publish","type":"post","link":"https:\/\/www.europesays.com\/pt\/211143\/","title":{"rendered":"Veja a decora\u00e7\u00e3o de Ano Novo da mans\u00e3o de Xuxa Meneghel em Angra dos Reis"},"content":{"rendered":"<p>A apresentadora <strong>Xuxa Meneghel<\/strong> comemorou a chegada de 2026 em uma festa de r\u00e9veillon intimista. A estrela recebeu alguns amigos em sua mans\u00e3o de Angra dos Reis, no Rio de Janeiro, e preparou um jantar totalmente vegano.<\/p>\n<p>O evento contou com decora\u00e7\u00e3o especial e festiva para o Ano Novo. A estrela e seus convidados enfeitaram a sala de jantar com bexigas nas cores prateado e dourado e tamb\u00e9m com a mensagem de \u2018Feliz 2026\u2019. A mesa tamb\u00e9m foi decorada com acess\u00f3rios em formato de \u2018X\u2019 para celebrar a anfitri\u00e3 da festa.<\/p>\n<p>Outro ponto de destaque foi o arranjo da mesa com velas, flores e conchas. Depois do jantar, ela curtiu um luau na praia.<\/p>\n<p>\u201cNosso R\u00e9veillon 100% vegano. Feliz 2026 galera\u201d, disse ela, que posou ao lado do marido, o ator e cantor Junno Andrade.<\/p>\n<p>\t <img loading=\"lazy\" decoding=\"async\" class=\"wp-image-1052013 size-full img-fluid lazy\" alt=\"Xuxa Meneghel mostra decora\u00e7\u00e3o de sua festa de r\u00e9veillon - Foto: Reprodu\u00e7\u00e3o \/ Instagram\" width=\"1920\" height=\"1080\" src=\"https:\/\/www.europesays.com\/pt\/wp-content\/uploads\/2026\/01\/decoracao-reveillon-xuxa-5.jpg\"  \/>Xuxa Meneghel mostra decora\u00e7\u00e3o de sua festa de r\u00e9veillon \u2013 Foto: Reprodu\u00e7\u00e3o \/ Instagram <img loading=\"lazy\" decoding=\"async\" class=\"wp-image-1052015 size-full img-fluid lazy\" alt=\"Xuxa Meneghel mostra decora\u00e7\u00e3o de sua festa de r\u00e9veillon - Foto: Reprodu\u00e7\u00e3o \/ Instagram\" width=\"1920\" height=\"1080\" src=\"https:\/\/www.europesays.com\/pt\/wp-content\/uploads\/2026\/01\/decoracao-reveillon-xuxa-7.jpg\"  \/>Xuxa Meneghel mostra decora\u00e7\u00e3o de sua festa de r\u00e9veillon \u2013 Foto: Reprodu\u00e7\u00e3o \/ Instagram <img loading=\"lazy\" decoding=\"async\" class=\"wp-image-1052014 size-full img-fluid lazy\" alt=\"Xuxa Meneghel mostra decora\u00e7\u00e3o de sua festa de r\u00e9veillon - Foto: Reprodu\u00e7\u00e3o \/ Instagram\" width=\"1920\" height=\"1080\" src=\"https:\/\/www.europesays.com\/pt\/wp-content\/uploads\/2026\/01\/decoracao-reveillon-xuxa-6.jpg\"  \/>Xuxa Meneghel mostra decora\u00e7\u00e3o de sua festa de r\u00e9veillon \u2013 Foto: Reprodu\u00e7\u00e3o \/ Instagram <img loading=\"lazy\" decoding=\"async\" class=\"wp-image-1052017 size-full img-fluid lazy\" alt=\"Xuxa Meneghel mostra decora\u00e7\u00e3o de sua festa de r\u00e9veillon - Foto: Reprodu\u00e7\u00e3o \/ Instagram\" width=\"900\" height=\"1200\" src=\"https:\/\/www.europesays.com\/pt\/wp-content\/uploads\/2026\/01\/decoracao-reveillon-xuxa.jpg\"  \/>Xuxa Meneghel mostra decora\u00e7\u00e3o de sua festa de r\u00e9veillon \u2013 Foto: Reprodu\u00e7\u00e3o \/ Instagram <img loading=\"lazy\" decoding=\"async\" class=\"wp-image-1052011 size-full img-fluid lazy\" alt=\"Xuxa Meneghel mostra decora\u00e7\u00e3o de sua festa de r\u00e9veillon - Foto: Reprodu\u00e7\u00e3o \/ Instagram\" width=\"900\" height=\"1200\" src=\"https:\/\/www.europesays.com\/pt\/wp-content\/uploads\/2026\/01\/decoracao-reveillon-xuxa-2.jpg\"  \/>Xuxa Meneghel mostra decora\u00e7\u00e3o de sua festa de r\u00e9veillon \u2013 Foto: Reprodu\u00e7\u00e3o \/ Instagram <img loading=\"lazy\" decoding=\"async\" class=\"wp-image-1052012 size-full img-fluid lazy\" alt=\"Xuxa Meneghel mostra decora\u00e7\u00e3o de sua festa de r\u00e9veillon - Foto: Reprodu\u00e7\u00e3o \/ Instagram\" width=\"1080\" height=\"1440\" src=\"https:\/\/www.europesays.com\/pt\/wp-content\/uploads\/2026\/01\/decoracao-reveillon-xuxa-3.jpg\"  \/>Xuxa Meneghel mostra decora\u00e7\u00e3o de sua festa de r\u00e9veillon \u2013 Foto: Reprodu\u00e7\u00e3o \/ Instagram <\/p>\n<blockquote class=\"instagram-media\" style=\"background: #FFF; border: 0; border-radius: 3px; box-shadow: 0 0 1px 0 rgba(0,0,0,0.5),0 1px 10px 0 rgba(0,0,0,0.15); margin: 1px; max-width: 540px; min-width: 326px; padding: 0; width: calc(100% - 2px);\" data-instgrm-captioned=\"\" data-instgrm-permalink=\"https:\/\/www.instagram.com\/p\/DS-tZJtDkAL\/?utm_source=ig_embed&amp;utm_campaign=loading\" data-instgrm-version=\"14\"><\/blockquote>\n<p>  Xuxa Meneghel mostra mais detalhes da nova mans\u00e3o <\/p>\n<p>Em entrevista recente na Revista CARAS, <a href=\"https:\/\/caras.com.br\/revista\/o-novo-castelo-da-rainha-xuxa-apresenta-em-detalhes-sua-nova-mansao.phtml\" target=\"_blank\" rel=\"noopener nofollow\">Xuxa Meneghel mostrou mais detalhes da decora\u00e7\u00e3o de sua nova casa.<\/a> A nova mans\u00e3o tem 900 metros quadrados e fica no mesmo condom\u00ednio de sua antiga casa no Rio de Janeiro.<\/p>\n<p>Xuxa cuidou de toda a decorac\u0327a\u0303o. Tirou lustres, providenciou um estu\u0301dio para fotos e gravac\u0327o\u0303es, investiu em um cinema, encheu o espac\u0327o de plantas, coqueiros e ate\u0301 uma jabuticabeira. Os quatro cachorros e sete pa\u0301ssaros ficam soltos. Durante o dia, as aves ocupam a sala. A\u0300 noite, va\u0303o para um espac\u0327o adaptado na garagem. \u201cQuando escurece, pego um ou dois pa\u0301ssaros e os outros me seguem\u201d, explica sobre o toque de recolher dia\u0301rio na propriedade. Outro item que chama a atenc\u0327a\u0303o fica na espac\u0327osa sala: um quadro de 6x4m com a imagem de uma i\u0301ndia pintada em madeira. A obra foi um pedido da pro\u0301pria apresentadora a\u0300 artista pla\u0301stica Rose Samara. \u201cA Rose me disse que tinha parado de desenhar, mas quando pedi essa pe\u00e7a ela fez para mim e ficou linda!\u201d, celebra. O quadro chegou aos poucos, pec\u0327a a pec\u0327a, e levou alguns dias para ser montado. Ele esta\u0301 fixado em uma parede de ac\u0327o cor- ten. \u201cE\u0301 uma pintura em que o acabamento nunca para de enferrujar\u201d, detalha.<\/p>\n<p> <img loading=\"lazy\" decoding=\"async\" alt=\"Mans\u00e3o de Xuxa\" class=\"img-fluid lazy\" src=\"https:\/\/www.europesays.com\/pt\/wp-content\/uploads\/2026\/01\/xuxa-nova-mansao-fotos-3.jpg\" width=\"768\" height=\"512\"\/>     <\/p>\n<p>A atual casa da loira tem cerca de 900m2. Xuxa ampliou o espac\u0327o verde do local, que abriga sete pa\u0301ssaros soltos, como a Belinha, e quatro ca\u0303es<\/p>\n<p>\t      <img loading=\"lazy\" decoding=\"async\" alt=\"Mans\u00e3o da Xuxa\" class=\"img-fluid lazy\" src=\"https:\/\/www.europesays.com\/pt\/wp-content\/uploads\/2026\/01\/xuxa-nova-mansao-fotos-1.jpg\" width=\"768\" height=\"512\"\/>     <\/p>\n<p>Assim como nas casas anteriores, Xuxa investiu em um cinema privado, ale\u0301m de um estu\u0301dio para ensaios fotogra\u0301ficos e gravac\u0327o\u0303es em vi\u0301deo<\/p>\n<p>      <img loading=\"lazy\" decoding=\"async\" alt=\"Mans\u00e3o da Xuxa\" class=\"img-fluid lazy\" src=\"https:\/\/www.europesays.com\/pt\/wp-content\/uploads\/2026\/01\/xuxa-nova-mansao-fotos-4.jpg\" width=\"768\" height=\"512\"\/>     <\/p>\n<p>Para a sala, a artista pla\u0301stica Rose Samara desenvolveu o quadro com a imagem de uma i\u0301ndia. O sofa\u0301 vegano e\u0301 da Plenitude Design<\/p>\n<p>Fotos: Blad Meneghel<\/p>\n<p>        <a href=\"https:\/\/caras.com.br\/autor\/priscilla-comoti\" rel=\"nofollow noopener\" target=\"_blank\">&#13;<br \/>\n          <img alt=\"Priscilla Comoti\" src=\"https:\/\/www.europesays.com\/pt\/wp-content\/uploads\/2026\/01\/e53883bdf02c542f6517b68879e8cb08b27a1d55c4dfd53577e47d3ab6331a06.png\"  class=\"avatar avatar-115 photo rounded-circle mr-3\" height=\"115\" width=\"115\" loading=\"lazy\" decoding=\"async\"\/>        <\/a><\/p>\n<p>Priscilla Comoti \u00e9 editora de conte\u00fado do site CARAS. Ela \u00e9 formada em jornalismo e em audiovisual, j\u00e1 passou pelos sites Contigo!, Minha Novela, TiTiTi, Mais Novela e Portal M\u00e1rcia Piovesan. Escreve sobre celebridades, not\u00edcias sobre a fam\u00edlia real brit\u00e2nica, TV, reality show e novelas.<\/p>\n<p>\t                                            <script async src=\"\/\/www.instagram.com\/embed.js\"><\/script><\/p>\n","protected":false},"excerpt":{"rendered":"A apresentadora Xuxa Meneghel comemorou a chegada de 2026 em uma festa de r\u00e9veillon intimista. A estrela recebeu&hellip;\n","protected":false},"author":2,"featured_media":211144,"comment_status":"","ping_status":"","sticky":false,"template":"","format":"standard","meta":{"footnotes":""},"categories":[145],"tags":[41373,211,210,1875,114,115,1874,32,33,2750,2757],"class_list":{"0":"post-211143","1":"post","2":"type-post","3":"status-publish","4":"format-standard","5":"has-post-thumbnail","7":"category-celebridades","8":"tag-angra-dos-reis","9":"tag-celebridades","10":"tag-celebrities","11":"tag-decoracao","12":"tag-entertainment","13":"tag-entretenimento","14":"tag-mansao","15":"tag-portugal","16":"tag-pt","17":"tag-xuxa","18":"tag-xuxa-meneghel"},"share_on_mastodon":{"url":"https:\/\/pubeurope.com\/@pt\/115822307909517645","error":""},"_links":{"self":[{"href":"https:\/\/www.europesays.com\/pt\/wp-json\/wp\/v2\/posts\/211143","targetHints":{"allow":["GET"]}}],"collection":[{"href":"https:\/\/www.europesays.com\/pt\/wp-json\/wp\/v2\/posts"}],"about":[{"href":"https:\/\/www.europesays.com\/pt\/wp-json\/wp\/v2\/types\/post"}],"author":[{"embeddable":true,"href":"https:\/\/www.europesays.com\/pt\/wp-json\/wp\/v2\/users\/2"}],"replies":[{"embeddable":true,"href":"https:\/\/www.europesays.com\/pt\/wp-json\/wp\/v2\/comments?post=211143"}],"version-history":[{"count":0,"href":"https:\/\/www.europesays.com\/pt\/wp-json\/wp\/v2\/posts\/211143\/revisions"}],"wp:featuredmedia":[{"embeddable":true,"href":"https:\/\/www.europesays.com\/pt\/wp-json\/wp\/v2\/media\/211144"}],"wp:attachment":[{"href":"https:\/\/www.europesays.com\/pt\/wp-json\/wp\/v2\/media?parent=211143"}],"wp:term":[{"taxonomy":"category","embeddable":true,"href":"https:\/\/www.europesays.com\/pt\/wp-json\/wp\/v2\/categories?post=211143"},{"taxonomy":"post_tag","embeddable":true,"href":"https:\/\/www.europesays.com\/pt\/wp-json\/wp\/v2\/tags?post=211143"}],"curies":[{"name":"wp","href":"https:\/\/api.w.org\/{rel}","templated":true}]}}