{"id":211177,"date":"2026-01-01T23:26:13","date_gmt":"2026-01-01T23:26:13","guid":{"rendered":"https:\/\/www.europesays.com\/pt\/211177\/"},"modified":"2026-01-01T23:26:13","modified_gmt":"2026-01-01T23:26:13","slug":"bts-anuncia-retorno-com-album-novo-e-turne-mundial-saiba-quando","status":"publish","type":"post","link":"https:\/\/www.europesays.com\/pt\/211177\/","title":{"rendered":"BTS anuncia retorno com \u00e1lbum novo e turn\u00ea mundial; saiba quando"},"content":{"rendered":"<p>Nesta quinta-feira (1\u00ba), a Big Hit Music, ag\u00eancia do BTS, anunciou que o grupo vai retornar com um novo \u00e1lbum em 20 de mar\u00e7o e uma turn\u00ea mundial. Esse lan\u00e7amento ser\u00e1 o primeiro desde Proof, trabalho de 2022, que foi o mais vendido do pa\u00eds naquele ano.<\/p>\n<p>continua depois da publicidade<\/p>\n<p>&#8220;Estou esperando por isso com mais expectativas que ningu\u00e9m&#8221;, escreveu o l\u00edder do grupo, RM, em carta manuscrita direcionada aos membros do f\u00e3-clube oficial.<\/p>\n<p>+\u00a0<a href=\"https:\/\/natelinha.uol.com.br\/famosos\/2026\/01\/01\/bruna-marquezine-e-shawn-mendes-correm-de-maos-dadas-na-praia-video-235975.php\" rel=\"nofollow noopener\" target=\"_blank\">Bruna Marquezine e Shawn Mendes correm de m\u00e3os dadas na praia; v\u00eddeo<\/a><\/p>\n<p>+\u00a0<a href=\"https:\/\/natelinha.uol.com.br\/famosos\/2026\/01\/01\/mae-de-jeniffer-lopez-bota-pra-quebrar-em-show-exemplo-de-forca-235972.php\" rel=\"nofollow noopener\" target=\"_blank\">M\u00e3e de Jeniffer Lopez &#8220;bota pra quebrar&#8221; em show: &#8220;Exemplo de for\u00e7a&#8221;<\/a><\/p>\n<p>A novidade fez os f\u00e3s do BTS vibrarem nas redes sociais. &#8220;Meu presente de anivers\u00e1rio&#8221;, celebrou um usu\u00e1rio do X identificado como Luke. &#8220;Finalmente&#8221;, comemorou Ana. &#8220;Ai, t\u00f4 t\u00e3o feliz, esperei TANTO por isso&#8221;, pontuou outra admiradora do grupo.<\/p>\n<p>continua depois da publicidade<\/p>\n<p>&#8220;Gente, d\u00e1 vontade de chorar, eu n\u00e3o estou preparado. Estou h\u00e1 6 anos acompanhando eles e NUNCA ANUNCIARAM NEM TOUR PRO BRASIL&#8221;, declarou Vit. &#8220;Amiga, vamos \u00e0 luta pra conseguir esse ingresso&#8221;, disse Lai. &#8220;Meu Deus, onde eu vou arrumar dinheiro?&#8221;, questionou outra twitteira.<\/p>\n<blockquote class=\"instagram-media\" data-instgrm-captioned=\"\" data-instgrm-version=\"7\" style=\"width:100%;\"><p>\n\t\t\t\t\t\t\t\t\t<a href=\"https:\/\/www.instagram.com\/p\/DS8c5wek-Hq\/\" rel=\"nofollow noopener\" target=\"_blank\">\n\t\t\t\t\t\t\t\t<\/p><\/blockquote>\n<p>BTS estava em hiato<\/p>\n<p>O BTS estava em hiato desde 2022, quando o primeiro de seus integrantes precisou se alistar no servi\u00e7o militar. Na Coreia do Sul, ele \u00e9 obrigat\u00f3rio para todos os homens com menos de 30 anos.<\/p>\n<p>Depois de Jin, os outros artistas se alistaram. Todos os integrantes do grupo foram dispensados em 2025, sendo o rapper Suga o \u00faltimo deles. O cantor concluiu seu o servi\u00e7o em 21 de junho do \u00faltimo ano.<\/p>\n<p>continua depois da publicidade<\/p>\n<p>                    <script async src=\"\/\/www.instagram.com\/embed.js\"><\/script><\/p>\n","protected":false},"excerpt":{"rendered":"Nesta quinta-feira (1\u00ba), a Big Hit Music, ag\u00eancia do BTS, anunciou que o grupo vai retornar com um&hellip;\n","protected":false},"author":2,"featured_media":211178,"comment_status":"","ping_status":"","sticky":false,"template":"","format":"standard","meta":{"footnotes":""},"categories":[141],"tags":[2344,114,115,149,150,32,33],"class_list":{"0":"post-211177","1":"post","2":"type-post","3":"status-publish","4":"format-standard","5":"has-post-thumbnail","7":"category-musica","8":"tag-bts","9":"tag-entertainment","10":"tag-entretenimento","11":"tag-music","12":"tag-musica","13":"tag-portugal","14":"tag-pt"},"share_on_mastodon":{"url":"https:\/\/pubeurope.com\/@pt\/115822433775544090","error":""},"_links":{"self":[{"href":"https:\/\/www.europesays.com\/pt\/wp-json\/wp\/v2\/posts\/211177","targetHints":{"allow":["GET"]}}],"collection":[{"href":"https:\/\/www.europesays.com\/pt\/wp-json\/wp\/v2\/posts"}],"about":[{"href":"https:\/\/www.europesays.com\/pt\/wp-json\/wp\/v2\/types\/post"}],"author":[{"embeddable":true,"href":"https:\/\/www.europesays.com\/pt\/wp-json\/wp\/v2\/users\/2"}],"replies":[{"embeddable":true,"href":"https:\/\/www.europesays.com\/pt\/wp-json\/wp\/v2\/comments?post=211177"}],"version-history":[{"count":0,"href":"https:\/\/www.europesays.com\/pt\/wp-json\/wp\/v2\/posts\/211177\/revisions"}],"wp:featuredmedia":[{"embeddable":true,"href":"https:\/\/www.europesays.com\/pt\/wp-json\/wp\/v2\/media\/211178"}],"wp:attachment":[{"href":"https:\/\/www.europesays.com\/pt\/wp-json\/wp\/v2\/media?parent=211177"}],"wp:term":[{"taxonomy":"category","embeddable":true,"href":"https:\/\/www.europesays.com\/pt\/wp-json\/wp\/v2\/categories?post=211177"},{"taxonomy":"post_tag","embeddable":true,"href":"https:\/\/www.europesays.com\/pt\/wp-json\/wp\/v2\/tags?post=211177"}],"curies":[{"name":"wp","href":"https:\/\/api.w.org\/{rel}","templated":true}]}}