{"id":211189,"date":"2026-01-01T23:33:08","date_gmt":"2026-01-01T23:33:08","guid":{"rendered":"https:\/\/www.europesays.com\/pt\/211189\/"},"modified":"2026-01-01T23:33:08","modified_gmt":"2026-01-01T23:33:08","slug":"ucrania-diz-ter-simulado-a-morte-de-russo-opositor-de-putin-observador","status":"publish","type":"post","link":"https:\/\/www.europesays.com\/pt\/211189\/","title":{"rendered":"Ucr\u00e2nia diz ter simulado a morte de russo opositor de Putin \u2013 Observador"},"content":{"rendered":"<p>Foi uma opera\u00e7\u00e3o descrita como tendo um elevado risco e bastante complexa. Os servi\u00e7os secretos do Minist\u00e9rio da Defesa da Ucr\u00e2nia revelaram esta quinta-feira que <strong>simularam a morte de Denis Kapustin<\/strong>, o l\u00edder do Corpo Volunt\u00e1rio Russo, um grupo de oposi\u00e7\u00e3o ao Presidente da R\u00fassia, Vladimir Putin, que opera dentro de fronteiras russas. \u201cFoi um fracasso dos servi\u00e7os secretos russos.\u201d<\/p>\n<p>A not\u00edcia da morte de Denis Kapustin, descrito como um \u201cinimigo de Putin\u201d, foi dada a 27 de dezembro e o opositor ao Presidente russo teria morrido em combate. Foi a pr\u00f3pria organiza\u00e7\u00e3o que deu a not\u00edcia no seu grupo de Telegram, prometendo\u00a0ainda \u201cvingan\u00e7a\u201d pela morte do l\u00edder do Corpo Volunt\u00e1rio Russo.<\/p>\n<p>Esta quinta-feira, no entanto, o chefe das secretas militares ucranianas, Kyrylo Budanov,\u00a0fez uma <strong>videochamada com Denis Kapustin<\/strong> \u2014 que, afinal, est\u00e1 vivo, contrariando as not\u00edcias de que estaria morto.<\/p>\n<blockquote class=\"twitter-tweet\" data-width=\"500\" data-dnt=\"true\">\n<p lang=\"en\" dir=\"ltr\">???? russia paid half a million dollars<br \/>to \u201ckill\u201d Denis WhiteRex,<br \/>commander of the Russian Volunteer Corps.<\/p>\n<p>Instead, GUR faked his death, took the money,<br \/>exposed the whole network of killers<br \/>and brought Kapustin back alive.<\/p>\n<p>Welcome back, legend.<\/p>\n<p>Meanwhile, russian intel got\u2026 <a href=\"https:\/\/t.co\/RFDDmbSrhM\" rel=\"nofollow\">pic.twitter.com\/RFDDmbSrhM<\/a><\/p>\n<p>\u2014 Bandera Fella *-^ (@banderafella) <a href=\"https:\/\/twitter.com\/banderafella\/status\/2006712300527378806?ref_src=twsrc%5Etfw\" rel=\"nofollow noopener\" target=\"_blank\">January 1, 2026<\/a><\/p>\n<\/blockquote>\n<p><strong>\u201cAntes de mais nada, Sr. Denis, parab\u00e9ns pelo seu regresso \u00e0 vida.\u00a0\u00c9 sempre um prazer\u201d,<\/strong>\u00a0afirmou Kyrylo Budanov,\u00a0<a href=\"https:\/\/t.me\/DIUkraine\/7647?fbclid=IwY2xjawPDS_FleHRuA2FlbQIxMABicmlkETFsUGRJTEpDQzc4M1pPQnhNc3J0YwZhcHBfaWQQMjIyMDM5MTc4ODIwMDg5MgABHlKWiGq_Ca6AuCn6t0ZXYHqetvB5US4OvHK3EDNugs4wtjFWBQkKEoXXYsl-_aem_f22NGDkGMV_-pWIvRcKm9g\" rel=\"nofollow\">citado numa publica\u00e7\u00e3o da rede social Telegram\u00a0das secretas do Minist\u00e9rio da Defesa da Ucr\u00e2nia<\/a>.<\/p>\n<p>Kyrylo Budanov divulgou ainda que a Ucr\u00e2nia \u201cficou com a recompensa\u201d da R\u00fassia pela alegada \u201cexecu\u00e7\u00e3o\u201d de Denis Kapustin. \u201cFico feliz que os fundos recebidos da sua execu\u00e7\u00e3o tenham sido utilizados \u200b\u200bpara ajudar os combates na Ucr\u00e2nia. <strong>Desejo sucesso a todos n\u00f3s e ao senhor pessoalmente.\u201d<\/strong><\/p>\n<p>Uma vez que \u00e9 considerado um opositor ao regime e ajudante das tropas ucranianas, a R\u00fassia tinha estipulado uma recompensa de <strong>500 mil d\u00f3lares<\/strong> (cerca de 426 mil euros) para quem conseguisse executar Denis Kapustin.<\/p>\n<p>Na videochamada, o respons\u00e1vel por esta opera\u00e7\u00e3o das secretas ucranianas \u2014 que se apresenta como Timur\u00a0\u2014 garantiu que <strong>recebeu a quantia dos fundos<\/strong> <strong>alocados pelos servi\u00e7os especiais russos<\/strong> para a execu\u00e7\u00e3o deste crime.<\/p>\n<p>Por sua vez, Denis Kapustin, que se encontra atualmente na Ucr\u00e2nia, garantiu que a sua \u201caus\u00eancia tempor\u00e1ria\u201d n\u00e3o \u201cafetou a qualidade e o sucesso\u201d da execu\u00e7\u00e3o das miss\u00f5es de combate do Corpo Volunt\u00e1rio Russo. \u201cEstou pronto para voltar \u00e0s minhas miss\u00f5es e continuar a combater pela minha unidade\u201d, frisou o \u201cinimigo de Putin\u201d, mostrando-se dispon\u00edvel para continuar a ajudar as tropas ucranianas.<\/p>\n<p>            <script async src=\"https:\/\/platform.twitter.com\/widgets.js\" charset=\"utf-8\"><\/script><\/p>\n","protected":false},"excerpt":{"rendered":"Foi uma opera\u00e7\u00e3o descrita como tendo um elevado risco e bastante complexa. Os servi\u00e7os secretos do Minist\u00e9rio da&hellip;\n","protected":false},"author":2,"featured_media":211190,"comment_status":"","ping_status":"","sticky":false,"template":"","format":"standard","meta":{"footnotes":""},"categories":[50],"tags":[27,28,445,15,16,1123,14,25,26,21,22,62,12,13,19,20,23,24,3879,17,18,1124,29,30,31,63,64,65],"class_list":{"0":"post-211189","1":"post","2":"type-post","3":"status-publish","4":"format-standard","5":"has-post-thumbnail","7":"category-mundo","8":"tag-breaking-news","9":"tag-breakingnews","10":"tag-europa","11":"tag-featured-news","12":"tag-featurednews","13":"tag-guerra-na-ucru00e2nia","14":"tag-headlines","15":"tag-latest-news","16":"tag-latestnews","17":"tag-main-news","18":"tag-mainnews","19":"tag-mundo","20":"tag-news","21":"tag-noticias","22":"tag-noticias-principais","23":"tag-noticiasprincipais","24":"tag-principais-noticias","25":"tag-principaisnoticias","26":"tag-ru00fassia","27":"tag-top-stories","28":"tag-topstories","29":"tag-ucru00e2nia","30":"tag-ultimas","31":"tag-ultimas-noticias","32":"tag-ultimasnoticias","33":"tag-world","34":"tag-world-news","35":"tag-worldnews"},"share_on_mastodon":{"url":"https:\/\/pubeurope.com\/@pt\/115822461180209974","error":""},"_links":{"self":[{"href":"https:\/\/www.europesays.com\/pt\/wp-json\/wp\/v2\/posts\/211189","targetHints":{"allow":["GET"]}}],"collection":[{"href":"https:\/\/www.europesays.com\/pt\/wp-json\/wp\/v2\/posts"}],"about":[{"href":"https:\/\/www.europesays.com\/pt\/wp-json\/wp\/v2\/types\/post"}],"author":[{"embeddable":true,"href":"https:\/\/www.europesays.com\/pt\/wp-json\/wp\/v2\/users\/2"}],"replies":[{"embeddable":true,"href":"https:\/\/www.europesays.com\/pt\/wp-json\/wp\/v2\/comments?post=211189"}],"version-history":[{"count":0,"href":"https:\/\/www.europesays.com\/pt\/wp-json\/wp\/v2\/posts\/211189\/revisions"}],"wp:featuredmedia":[{"embeddable":true,"href":"https:\/\/www.europesays.com\/pt\/wp-json\/wp\/v2\/media\/211190"}],"wp:attachment":[{"href":"https:\/\/www.europesays.com\/pt\/wp-json\/wp\/v2\/media?parent=211189"}],"wp:term":[{"taxonomy":"category","embeddable":true,"href":"https:\/\/www.europesays.com\/pt\/wp-json\/wp\/v2\/categories?post=211189"},{"taxonomy":"post_tag","embeddable":true,"href":"https:\/\/www.europesays.com\/pt\/wp-json\/wp\/v2\/tags?post=211189"}],"curies":[{"name":"wp","href":"https:\/\/api.w.org\/{rel}","templated":true}]}}