{"id":211209,"date":"2026-01-01T23:47:29","date_gmt":"2026-01-01T23:47:29","guid":{"rendered":"https:\/\/www.europesays.com\/pt\/211209\/"},"modified":"2026-01-01T23:47:29","modified_gmt":"2026-01-01T23:47:29","slug":"veroes-na-europa-podem-prolongar-se-seis-semanas-ate-ao-final-do-seculo-ambiental","status":"publish","type":"post","link":"https:\/\/www.europesays.com\/pt\/211209\/","title":{"rendered":"Ver\u00f5es na Europa podem prolongar-se seis semanas at\u00e9 ao final do s\u00e9culo &#8211; Ambiental"},"content":{"rendered":"<p class=\"\">&#13;<br \/>\n        Os ver\u00f5es europeus est\u00e3o a ficar mais longos e a tend\u00eancia pode intensificar-se nas pr\u00f3ximas d\u00e9cadas, segundo um novo estudo cient\u00edfico. Os cientistas apontam que, at\u00e9 ao final do s\u00e9culo, a esta\u00e7\u00e3o mais quente do ano pode ganhar at\u00e9 42 dias adicionais, caso se mantenha o atual ritmo de aquecimento global.&#13;\n    <\/p>\n<p class=\"\">&#13;<br \/>\n        Publicado na revista Nature Communications, o trabalho recorre a uma abordagem original e, em vez de depender apenas de dados meteorol\u00f3gicos recentes, os investigadores analisaram sedimentos acumulados anualmente em lagos da Finl\u00e2ndia e do Reino Unido, criando um registo cont\u00ednuo da dura\u00e7\u00e3o do ver\u00e3o ao longo de cerca de 10 mil anos.&#13;\n    <\/p>\n<p class=\"\">&#13;<br \/>\n        Esses sedimentos funcionam como uma esp\u00e9cie de \u201carquivo natural\u201d, que permite analisar os efeitos desta esta\u00e7\u00e3o do ano no planeta durante este per\u00edodo. A espessura das camadas formadas no ver\u00e3o e no inverno permite estimar quantos dias durou cada esta\u00e7\u00e3o ao longo do tempo. Segundo os autores, o m\u00e9todo mostra uma rela\u00e7\u00e3o clara entre a dura\u00e7\u00e3o do ver\u00e3o e a diferen\u00e7a de temperatura entre as regi\u00f5es mais a Sul e mais a Norte da Europa.&#13;\n    <\/p>\n<p class=\"\">&#13;<br \/>\n        O estudo conclui que a redu\u00e7\u00e3o da diferen\u00e7a de temperatura entre o Sul e o Norte da Europa est\u00e1 associada a ver\u00f5es mais longos, um fen\u00f3meno que est\u00e1 hoje a intensificar-se devido ao aquecimento mais r\u00e1pido do \u00c1rtico.&#13;\n    <\/p>\n<p class=\"\">&#13;<br \/>\n        Os resultados mostram que, durante um per\u00edodo quente do passado, entre 8 mil e 3500 anos atr\u00e1s, o ver\u00e3o durava em m\u00e9dia quase 195 dias por ano, muito acima do que \u00e9 habitual atualmente. Para os investigadores, este per\u00edodo \u00e9 uma \u201crefer\u00eancia natural\u201d do que pode acontecer num clima mais quente.&#13;\n    <\/p>\n<p class=\"\">&#13;<br \/>\n        <b>\u201cUma diminui\u00e7\u00e3o de 1 grau Celsius na diferen\u00e7a de temperatura entre o Sul e o Norte da Europa est\u00e1 associada a um prolongamento do ver\u00e3o em cerca de seis dias\u201d, refere o artigo.<\/b>&#13;\n    <\/p>\n<p class=\"\">&#13;<br \/>\n        Com base nesta rela\u00e7\u00e3o, os autores estimam que, num cen\u00e1rio de emiss\u00f5es elevadas, \u201co ver\u00e3o poder\u00e1 prolongar-se at\u00e9 mais 42 dias at\u00e9 2100\u201d. Embora alertem que estas proje\u00e7\u00f5es envolvem incertezas, sublinham que a tend\u00eancia \u00e9 consistente com o que j\u00e1 se observa nas \u00faltimas d\u00e9cadas.&#13;\n    <\/p>\n<p class=\"\">&#13;<br \/>\n        O estudo reconhece ainda que fatores humanos, como as emiss\u00f5es de gases com efeito de estufa, tornam o contexto atual diferente do passado distante. Ainda assim, conclui que olhar para milhares de anos de hist\u00f3ria clim\u00e1tica ajuda a compreender melhor o futuro e que o poss\u00edvel prolongamento do ver\u00e3o levanta desafios concretos na agricultura, sa\u00fade p\u00fablica ou gest\u00e3o da \u00e1gua que n\u00e3o podem ser ignorados.&#13;\n    <\/p>\n","protected":false},"excerpt":{"rendered":"&#13; Os ver\u00f5es europeus est\u00e3o a ficar mais longos e a tend\u00eancia pode intensificar-se nas pr\u00f3ximas d\u00e9cadas, segundo&hellip;\n","protected":false},"author":2,"featured_media":211210,"comment_status":"","ping_status":"","sticky":false,"template":"","format":"standard","meta":{"footnotes":""},"categories":[50],"tags":[41063,964,5291,27,28,445,15,16,41415,14,25,26,21,22,62,41416,12,13,19,20,23,24,17,18,29,30,31,63,64,65],"class_list":{"0":"post-211209","1":"post","2":"type-post","3":"status-publish","4":"format-standard","5":"has-post-thumbnail","7":"category-mundo","8":"tag-alerta-meteorologico","9":"tag-ambiente","10":"tag-aquecimento-global","11":"tag-breaking-news","12":"tag-breakingnews","13":"tag-europa","14":"tag-featured-news","15":"tag-featurednews","16":"tag-fenomenos-climaticos","17":"tag-headlines","18":"tag-latest-news","19":"tag-latestnews","20":"tag-main-news","21":"tag-mainnews","22":"tag-mundo","23":"tag-nature-communications","24":"tag-news","25":"tag-noticias","26":"tag-noticias-principais","27":"tag-noticiasprincipais","28":"tag-principais-noticias","29":"tag-principaisnoticias","30":"tag-top-stories","31":"tag-topstories","32":"tag-ultimas","33":"tag-ultimas-noticias","34":"tag-ultimasnoticias","35":"tag-world","36":"tag-world-news","37":"tag-worldnews"},"share_on_mastodon":{"url":"","error":"Validation failed: Text character limit of 500 exceeded"},"_links":{"self":[{"href":"https:\/\/www.europesays.com\/pt\/wp-json\/wp\/v2\/posts\/211209","targetHints":{"allow":["GET"]}}],"collection":[{"href":"https:\/\/www.europesays.com\/pt\/wp-json\/wp\/v2\/posts"}],"about":[{"href":"https:\/\/www.europesays.com\/pt\/wp-json\/wp\/v2\/types\/post"}],"author":[{"embeddable":true,"href":"https:\/\/www.europesays.com\/pt\/wp-json\/wp\/v2\/users\/2"}],"replies":[{"embeddable":true,"href":"https:\/\/www.europesays.com\/pt\/wp-json\/wp\/v2\/comments?post=211209"}],"version-history":[{"count":0,"href":"https:\/\/www.europesays.com\/pt\/wp-json\/wp\/v2\/posts\/211209\/revisions"}],"wp:featuredmedia":[{"embeddable":true,"href":"https:\/\/www.europesays.com\/pt\/wp-json\/wp\/v2\/media\/211210"}],"wp:attachment":[{"href":"https:\/\/www.europesays.com\/pt\/wp-json\/wp\/v2\/media?parent=211209"}],"wp:term":[{"taxonomy":"category","embeddable":true,"href":"https:\/\/www.europesays.com\/pt\/wp-json\/wp\/v2\/categories?post=211209"},{"taxonomy":"post_tag","embeddable":true,"href":"https:\/\/www.europesays.com\/pt\/wp-json\/wp\/v2\/tags?post=211209"}],"curies":[{"name":"wp","href":"https:\/\/api.w.org\/{rel}","templated":true}]}}