{"id":211213,"date":"2026-01-01T23:49:09","date_gmt":"2026-01-01T23:49:09","guid":{"rendered":"https:\/\/www.europesays.com\/pt\/211213\/"},"modified":"2026-01-01T23:49:09","modified_gmt":"2026-01-01T23:49:09","slug":"luis-guilherme-vai-ser-jogador-do-sporting-e-ja-sao-conhecidos-detalhes","status":"publish","type":"post","link":"https:\/\/www.europesays.com\/pt\/211213\/","title":{"rendered":"Lu\u00eds Guilherme vai ser jogador do Sporting e j\u00e1 s\u00e3o conhecidos detalhes"},"content":{"rendered":"<p>&#8211; Advertisement &#8211;<\/p>\n<p><strong>O Sporting fechou a contrata\u00e7\u00e3o de Lu\u00eds Guilherme ao West Ham. Extremo brasileiro ser\u00e1 o primeiro refor\u00e7o de inverno dos le\u00f5es.<\/strong><\/p>\n<p>Lu\u00eds Guilherme vai ser mesmo jogador do Sporting, garante Fabrizio Romano. A mesma fonte refere que os le\u00f5es fecharam a contrata\u00e7\u00e3o definitiva do extremo brasileiro de 19 anos por um pacote total que pode chegar aos 17 milh\u00f5es de euros (incluindo objetivos).<\/p>\n<p>De acordo com a fonte, o West Ham reserva uma cl\u00e1usula de futura venda no neg\u00f3cio de Lu\u00eds Guilherme. Neste momento, os documentos est\u00e3o a ser verificados para completar a transfer\u00eancia.<\/p>\n<p>Segundo j\u00e1 noticiado, <a href=\"https:\/\/bolanarede.pt\/especial-bola-na-rede\/atualidade\/sporting-pode-contratar-luis-guilherme-por-cerca-de-20-milhoes-de-euros-eis-a-situacao-atualizada\/\" target=\"_blank\" rel=\"noreferrer noopener nofollow\">Lu\u00eds Guilherme pode assinar um contrato v\u00e1lido de cinco temporadas<\/a> com o Sporting. \u00c9 assim o primeiro refor\u00e7o de inverno dos le\u00f5es.<\/p>\n<blockquote class=\"twitter-tweet\" data-width=\"550\" data-dnt=\"true\">\n<p lang=\"en\" dir=\"ltr\">\ud83d\udea8\ud83d\udfe2\u26aa\ufe0f Luis Guilherme to Sporting from West Ham, here we go! Deal in place as documents are being checked.<\/p>\n<p>Permanent transfer for total package up to potential \u20ac17m, add-ons included.<\/p>\n<p>West Ham will also have sell-on clause. <a href=\"https:\/\/t.co\/6dSMjNooMd\" rel=\"nofollow\">pic.twitter.com\/6dSMjNooMd<\/a><\/p>\n<p>\u2014 Fabrizio Romano (@FabrizioRomano) <a href=\"https:\/\/twitter.com\/FabrizioRomano\/status\/2006754817885233266?ref_src=twsrc%5Etfw\" rel=\"nofollow noopener\" target=\"_blank\">January 1, 2026<\/a><\/p><\/blockquote>\n<p><script async src=\"https:\/\/platform.twitter.com\/widgets.js\" charset=\"utf-8\"><\/script><\/p>\n","protected":false},"excerpt":{"rendered":"&#8211; Advertisement &#8211; O Sporting fechou a contrata\u00e7\u00e3o de Lu\u00eds Guilherme ao West Ham. Extremo brasileiro ser\u00e1 o&hellip;\n","protected":false},"author":2,"featured_media":210840,"comment_status":"","ping_status":"","sticky":false,"template":"","format":"standard","meta":{"footnotes":""},"categories":[8],"tags":[260,27,28,478,15,16,14,25,26,39854,21,22,12,13,19,20,32,666,23,24,33,34,17,18,29,30,31,8709],"class_list":{"0":"post-211213","1":"post","2":"type-post","3":"status-publish","4":"format-standard","5":"has-post-thumbnail","7":"category-principais-noticias","8":"tag-atualidade","9":"tag-breaking-news","10":"tag-breakingnews","11":"tag-destaques-bnr","12":"tag-featured-news","13":"tag-featurednews","14":"tag-headlines","15":"tag-latest-news","16":"tag-latestnews","17":"tag-luis-guilherme","18":"tag-main-news","19":"tag-mainnews","20":"tag-news","21":"tag-noticias","22":"tag-noticias-principais","23":"tag-noticiasprincipais","24":"tag-portugal","25":"tag-premier-league","26":"tag-principais-noticias","27":"tag-principaisnoticias","28":"tag-pt","29":"tag-sporting","30":"tag-top-stories","31":"tag-topstories","32":"tag-ultimas","33":"tag-ultimas-noticias","34":"tag-ultimasnoticias","35":"tag-west-ham"},"share_on_mastodon":{"url":"https:\/\/pubeurope.com\/@pt\/115822524111669614","error":""},"_links":{"self":[{"href":"https:\/\/www.europesays.com\/pt\/wp-json\/wp\/v2\/posts\/211213","targetHints":{"allow":["GET"]}}],"collection":[{"href":"https:\/\/www.europesays.com\/pt\/wp-json\/wp\/v2\/posts"}],"about":[{"href":"https:\/\/www.europesays.com\/pt\/wp-json\/wp\/v2\/types\/post"}],"author":[{"embeddable":true,"href":"https:\/\/www.europesays.com\/pt\/wp-json\/wp\/v2\/users\/2"}],"replies":[{"embeddable":true,"href":"https:\/\/www.europesays.com\/pt\/wp-json\/wp\/v2\/comments?post=211213"}],"version-history":[{"count":0,"href":"https:\/\/www.europesays.com\/pt\/wp-json\/wp\/v2\/posts\/211213\/revisions"}],"wp:featuredmedia":[{"embeddable":true,"href":"https:\/\/www.europesays.com\/pt\/wp-json\/wp\/v2\/media\/210840"}],"wp:attachment":[{"href":"https:\/\/www.europesays.com\/pt\/wp-json\/wp\/v2\/media?parent=211213"}],"wp:term":[{"taxonomy":"category","embeddable":true,"href":"https:\/\/www.europesays.com\/pt\/wp-json\/wp\/v2\/categories?post=211213"},{"taxonomy":"post_tag","embeddable":true,"href":"https:\/\/www.europesays.com\/pt\/wp-json\/wp\/v2\/tags?post=211213"}],"curies":[{"name":"wp","href":"https:\/\/api.w.org\/{rel}","templated":true}]}}