{"id":211236,"date":"2026-01-02T00:12:15","date_gmt":"2026-01-02T00:12:15","guid":{"rendered":"https:\/\/www.europesays.com\/pt\/211236\/"},"modified":"2026-01-02T00:12:15","modified_gmt":"2026-01-02T00:12:15","slug":"magnum-ganha-novo-trailer-dublado-assista","status":"publish","type":"post","link":"https:\/\/www.europesays.com\/pt\/211236\/","title":{"rendered":"Magnum ganha novo trailer dublado &#8211; Assista"},"content":{"rendered":"<p class=\"wp-block-yoast-seo-estimated-reading-time yoast-reading-time__wrapper\">Estimated reading time: 1 minuto<\/p>\n<p>A nova s\u00e9rie da Marvel Studios funciona como uma &#8220;s\u00e1tira de super-her\u00f3is&#8221;, acompanhando a jornada de Simon Williams dentro da ind\u00fastria do entretenimento, enquanto tenta a sorte no papel principal de um filme de her\u00f3i.<\/p>\n<p>Agora, a s\u00e9rie acaba de ganhar um novo trailer oficial, que pode ser assistido abaixo:<\/p>\n<p>Foi confirmado que todos os oito epis\u00f3dios da temporada estar\u00e3o dispon\u00edveis de uma s\u00f3 vez. A estreia est\u00e1 agendada para o dia 27 de janeiro, no hor\u00e1rio nobre, \u00e0s 23h (hor\u00e1rio de Bras\u00edlia).<\/p>\n<p>Leia mais sobre Magnum e Tom Cruise:<\/p>\n","protected":false},"excerpt":{"rendered":"Estimated reading time: 1 minuto A nova s\u00e9rie da Marvel Studios funciona como uma &#8220;s\u00e1tira de super-her\u00f3is&#8221;, acompanhando&hellip;\n","protected":false},"author":2,"featured_media":211237,"comment_status":"","ping_status":"","sticky":false,"template":"","format":"standard","meta":{"footnotes":""},"categories":[140],"tags":[114,115,147,148,40431,792,12733,146,32,33],"class_list":{"0":"post-211236","1":"post","2":"type-post","3":"status-publish","4":"format-standard","5":"has-post-thumbnail","7":"category-filmes","8":"tag-entertainment","9":"tag-entretenimento","10":"tag-film","11":"tag-filmes","12":"tag-magnum","13":"tag-marvel","14":"tag-marvel-studios","15":"tag-movies","16":"tag-portugal","17":"tag-pt"},"share_on_mastodon":{"url":"https:\/\/pubeurope.com\/@pt\/115822616084451542","error":""},"_links":{"self":[{"href":"https:\/\/www.europesays.com\/pt\/wp-json\/wp\/v2\/posts\/211236","targetHints":{"allow":["GET"]}}],"collection":[{"href":"https:\/\/www.europesays.com\/pt\/wp-json\/wp\/v2\/posts"}],"about":[{"href":"https:\/\/www.europesays.com\/pt\/wp-json\/wp\/v2\/types\/post"}],"author":[{"embeddable":true,"href":"https:\/\/www.europesays.com\/pt\/wp-json\/wp\/v2\/users\/2"}],"replies":[{"embeddable":true,"href":"https:\/\/www.europesays.com\/pt\/wp-json\/wp\/v2\/comments?post=211236"}],"version-history":[{"count":0,"href":"https:\/\/www.europesays.com\/pt\/wp-json\/wp\/v2\/posts\/211236\/revisions"}],"wp:featuredmedia":[{"embeddable":true,"href":"https:\/\/www.europesays.com\/pt\/wp-json\/wp\/v2\/media\/211237"}],"wp:attachment":[{"href":"https:\/\/www.europesays.com\/pt\/wp-json\/wp\/v2\/media?parent=211236"}],"wp:term":[{"taxonomy":"category","embeddable":true,"href":"https:\/\/www.europesays.com\/pt\/wp-json\/wp\/v2\/categories?post=211236"},{"taxonomy":"post_tag","embeddable":true,"href":"https:\/\/www.europesays.com\/pt\/wp-json\/wp\/v2\/tags?post=211236"}],"curies":[{"name":"wp","href":"https:\/\/api.w.org\/{rel}","templated":true}]}}