{"id":211242,"date":"2026-01-02T00:17:17","date_gmt":"2026-01-02T00:17:17","guid":{"rendered":"https:\/\/www.europesays.com\/pt\/211242\/"},"modified":"2026-01-02T00:17:17","modified_gmt":"2026-01-02T00:17:17","slug":"lisboa-santarem-e-beja-sao-os-distritos-onde-o-preco-das-casas-mais-subiu","status":"publish","type":"post","link":"https:\/\/www.europesays.com\/pt\/211242\/","title":{"rendered":"Lisboa, Santar\u00e9m e Beja s\u00e3o os distritos onde o pre\u00e7o das casas mais subiu"},"content":{"rendered":"<p data-remotead-prev-elm=\"true\" data-remotead-elm-id=\"inread\">Lisboa \u00e9 o distrito do continente onde, em 2025, foi mais caro comprar casa. Ali, o pre\u00e7o m\u00e9dio fixou-se nos 650 mil euros &#8211; um aumento de 30,3%, face a 2024. No extremo oposto, as habita\u00e7\u00f5es mais baratas encontram-se no de Castelo Branco, a uma m\u00e9dia de 89 mil euros. Mas, no geral, o custo de adquirir casa subiu 20% em todo o pa\u00eds. Os dados s\u00e3o do portal Imovirtual, que concluiu, no seu bar\u00f3metro anual, que a procura foi tanta que obrigou as compras a redistribu\u00edrem-se por v\u00e1rios territ\u00f3rios. Prova disso \u00e9 que, a par com Lisboa, os distritos de Santar\u00e9m e de Beja foram aqueles onde os pre\u00e7os das casas mais aumentaram.<\/p>\n<p>Acesso exclusivo a assinantes<\/p>\n<p>Acesso ilimitado a conte\u00fados exclusivos<\/p>\n<p>Navega\u00e7\u00e3o sem publicidade intrusiva<\/p>\n<p>Vers\u00e3o digital do jornal, suplementos e revistas<\/p>\n","protected":false},"excerpt":{"rendered":"Lisboa \u00e9 o distrito do continente onde, em 2025, foi mais caro comprar casa. Ali, o pre\u00e7o m\u00e9dio&hellip;\n","protected":false},"author":2,"featured_media":201801,"comment_status":"","ping_status":"","sticky":false,"template":"","format":"standard","meta":{"footnotes":""},"categories":[83],"tags":[9378,88,476,89,90,456,10554,619,32,33],"class_list":{"0":"post-211242","1":"post","2":"type-post","3":"status-publish","4":"format-standard","5":"has-post-thumbnail","7":"category-empresas","8":"tag-arrendamento","9":"tag-business","10":"tag-economia","11":"tag-economy","12":"tag-empresas","13":"tag-habitacao","14":"tag-mercado-imobiliario","15":"tag-nacional","16":"tag-portugal","17":"tag-pt"},"share_on_mastodon":{"url":"https:\/\/pubeurope.com\/@pt\/115822634099517119","error":""},"_links":{"self":[{"href":"https:\/\/www.europesays.com\/pt\/wp-json\/wp\/v2\/posts\/211242","targetHints":{"allow":["GET"]}}],"collection":[{"href":"https:\/\/www.europesays.com\/pt\/wp-json\/wp\/v2\/posts"}],"about":[{"href":"https:\/\/www.europesays.com\/pt\/wp-json\/wp\/v2\/types\/post"}],"author":[{"embeddable":true,"href":"https:\/\/www.europesays.com\/pt\/wp-json\/wp\/v2\/users\/2"}],"replies":[{"embeddable":true,"href":"https:\/\/www.europesays.com\/pt\/wp-json\/wp\/v2\/comments?post=211242"}],"version-history":[{"count":0,"href":"https:\/\/www.europesays.com\/pt\/wp-json\/wp\/v2\/posts\/211242\/revisions"}],"wp:featuredmedia":[{"embeddable":true,"href":"https:\/\/www.europesays.com\/pt\/wp-json\/wp\/v2\/media\/201801"}],"wp:attachment":[{"href":"https:\/\/www.europesays.com\/pt\/wp-json\/wp\/v2\/media?parent=211242"}],"wp:term":[{"taxonomy":"category","embeddable":true,"href":"https:\/\/www.europesays.com\/pt\/wp-json\/wp\/v2\/categories?post=211242"},{"taxonomy":"post_tag","embeddable":true,"href":"https:\/\/www.europesays.com\/pt\/wp-json\/wp\/v2\/tags?post=211242"}],"curies":[{"name":"wp","href":"https:\/\/api.w.org\/{rel}","templated":true}]}}