{"id":211249,"date":"2026-01-02T00:24:07","date_gmt":"2026-01-02T00:24:07","guid":{"rendered":"https:\/\/www.europesays.com\/pt\/211249\/"},"modified":"2026-01-02T00:24:07","modified_gmt":"2026-01-02T00:24:07","slug":"1a-companhia-nuno-janeiro-e-valter-carvalho-sao-concorrentes","status":"publish","type":"post","link":"https:\/\/www.europesays.com\/pt\/211249\/","title":{"rendered":"1\u00aa Companhia. Nuno Janeiro e Valter Carvalho s\u00e3o concorrentes"},"content":{"rendered":"<p>A TVI estreou esta quinta-feira, dia 1 de janeiro, a terceira edi\u00e7\u00e3o do programa 1\u00aa Companhia, apresentado por Maria Botelho Moniz. A primeira gala deu a conhecer a identidade das celebridades e influenciadores que embarcam naquela que pode ser uma das maiores e mais exigentes aventuras da sua vida.<\/p>\n<p>Nuno Janeiro, ator, e Valter Carvalho, modelo e DJ, foram anunciados como concorrentes da 1\u00aa Companhia.<\/p>\n<p>Diz-se honesto, dedicado e uma caixinha de surpresas. Ator com provas dadas na televis\u00e3o e no teatro, ao longo de 20 anos de carreira, Nuno Janeiro j\u00e1 trabalhou como servente, j\u00e1 vendeu gelados, j\u00e1 montou estores\u2026 Uma versatilidade que n\u00e3o deixa margem para d\u00favidas: a resili\u00eancia ser\u00e1 um trunfo a ter em conta nesta aventura! Nuno Janeiro foi \u00e0 tropa, por isso, entrar na 1\u00aa Companhia n\u00e3o o assusta. Treina todos os dias no gin\u00e1sio, mas admite que o frio ser\u00e1 o seu maior inimigo. Para ele, este desafio n\u00e3o \u00e9 apenas f\u00edsico, \u00e9 um exerc\u00edcio de autoconhecimento.<\/p>\n<p>Modelo de renome internacional, com desfiles em Mil\u00e3o, Paris, Londres e trabalhos para Jean\u2011Paul Gaultier ou Roberto Verino, entre outras, Valter Carvalho dispensa apresenta\u00e7\u00f5es. Atualmente tamb\u00e9m trabalha como DJ em Portugal, Ibiza e Madrid. Determinado e competitivo, v\u00ea na 1\u00aa Companhia um teste \u00e0 sua resist\u00eancia f\u00edsica e mental. Assume que tem energia para dar e vender e que \u00e9 muito disciplinado. Sobre trabalho de equipa\u2026 gosta se correr bem, caso contr\u00e1rio, prefere seguir sozinho! Com humor e garra, promete mostrar que quem domina a passerelle tamb\u00e9m sabe marchar!<\/p>\n<blockquote class=\"instagram-media\" style=\"background: #FFF; border: 0; border-radius: 3px; box-shadow: 0 0 1px 0 rgba(0,0,0,0.5),0 1px 10px 0 rgba(0,0,0,0.15); margin: 1px; max-width: 540px; min-width: 326px; padding: 0; width: calc(100% - 2px);\" data-instgrm-captioned=\"\" data-instgrm-permalink=\"https:\/\/www.instagram.com\/p\/DS_I5BxDBO1\/?utm_source=ig_embed&amp;utm_campaign=loading\" data-instgrm-version=\"14\">\n<\/blockquote>\n<blockquote class=\"instagram-media\" style=\"background: #FFF; border: 0; border-radius: 3px; box-shadow: 0 0 1px 0 rgba(0,0,0,0.5),0 1px 10px 0 rgba(0,0,0,0.15); margin: 1px; max-width: 540px; min-width: 326px; padding: 0; width: calc(100% - 2px);\" data-instgrm-captioned=\"\" data-instgrm-permalink=\"https:\/\/www.instagram.com\/p\/DS_JdvpDMAt\/?utm_source=ig_embed&amp;utm_campaign=loading\" data-instgrm-version=\"14\">\n<\/blockquote>\n<p>\t\t\t\t\t\t\t\t\t\t\t\t\t\t\t\t\t\t\t\t\t\t\t\t\t\t\t<script async src=\"\/\/www.instagram.com\/embed.js\"><\/script><\/p>\n","protected":false},"excerpt":{"rendered":"A TVI estreou esta quinta-feira, dia 1 de janeiro, a terceira edi\u00e7\u00e3o do programa 1\u00aa Companhia, apresentado por&hellip;\n","protected":false},"author":2,"featured_media":211250,"comment_status":"","ping_status":"","sticky":false,"template":"","format":"standard","meta":{"footnotes":""},"categories":[142],"tags":[328,1661,114,115,41424,32,40325,33,151,41425],"class_list":{"0":"post-211249","1":"post","2":"type-post","3":"status-publish","4":"format-standard","5":"has-post-thumbnail","7":"category-tv","8":"tag-concorrentes","9":"tag-destaque","10":"tag-entertainment","11":"tag-entretenimento","12":"tag-nuno-janeiro","13":"tag-portugal","14":"tag-primeira-companhia","15":"tag-pt","16":"tag-tv","17":"tag-valter-carvalho"},"share_on_mastodon":{"url":"https:\/\/pubeurope.com\/@pt\/115822661894981229","error":""},"_links":{"self":[{"href":"https:\/\/www.europesays.com\/pt\/wp-json\/wp\/v2\/posts\/211249","targetHints":{"allow":["GET"]}}],"collection":[{"href":"https:\/\/www.europesays.com\/pt\/wp-json\/wp\/v2\/posts"}],"about":[{"href":"https:\/\/www.europesays.com\/pt\/wp-json\/wp\/v2\/types\/post"}],"author":[{"embeddable":true,"href":"https:\/\/www.europesays.com\/pt\/wp-json\/wp\/v2\/users\/2"}],"replies":[{"embeddable":true,"href":"https:\/\/www.europesays.com\/pt\/wp-json\/wp\/v2\/comments?post=211249"}],"version-history":[{"count":0,"href":"https:\/\/www.europesays.com\/pt\/wp-json\/wp\/v2\/posts\/211249\/revisions"}],"wp:featuredmedia":[{"embeddable":true,"href":"https:\/\/www.europesays.com\/pt\/wp-json\/wp\/v2\/media\/211250"}],"wp:attachment":[{"href":"https:\/\/www.europesays.com\/pt\/wp-json\/wp\/v2\/media?parent=211249"}],"wp:term":[{"taxonomy":"category","embeddable":true,"href":"https:\/\/www.europesays.com\/pt\/wp-json\/wp\/v2\/categories?post=211249"},{"taxonomy":"post_tag","embeddable":true,"href":"https:\/\/www.europesays.com\/pt\/wp-json\/wp\/v2\/tags?post=211249"}],"curies":[{"name":"wp","href":"https:\/\/api.w.org\/{rel}","templated":true}]}}