{"id":211260,"date":"2026-01-02T00:33:08","date_gmt":"2026-01-02T00:33:08","guid":{"rendered":"https:\/\/www.europesays.com\/pt\/211260\/"},"modified":"2026-01-02T00:33:08","modified_gmt":"2026-01-02T00:33:08","slug":"menino-de-9-anos-morre-por-disparo-acidental-de-cacadeira","status":"publish","type":"post","link":"https:\/\/www.europesays.com\/pt\/211260\/","title":{"rendered":"Menino de 9 anos morre por disparo acidental de ca\u00e7adeira"},"content":{"rendered":"<p>Um menino de 9 anos morreu e um adolescente de 14 ficou ferido, na quarta-feira \u00e0 tarde, na sequ\u00eancia de um alegado disparo acidental de ca\u00e7adeira efetuado por um familiar num bairro de Set\u00fabal, revelaram fontes policiais.<\/p>\n<p>As mesmas fontes indicaram \u00e0 ag\u00eancia Lusa que o acidente ocorreu, na quarta-feira \u00e0 tarde, no Bairro da Bela Vista, em Set\u00fabal.<\/p>\n<p><strong>Segundo fontes policiais, o acidente ocorreu quando os dois menores estariam \u201ca brincar com uma ca\u00e7adeira\u201d e a arma alegadamente encravou.<\/strong><\/p>\n<p><strong>\u201cUm adulto, familiar das v\u00edtimas, ter\u00e1 tentado revolver\u201d o eventual problema da arma \u201ce ter\u00e1 efetuado um disparo que atingiu as crian\u00e7as\u201d, adiantou.<\/strong><\/p>\n<p>Contactada pela Lusa, fonte da Pol\u00edcia Judici\u00e1ria (PJ), que est\u00e1 a investigar o caso, adiantou que est\u00e1 a fazer dilig\u00eancias para identificar e localizar o suspeito do disparo.<\/p>\n<p>Fonte da PSP acrescentou que cerca das 17:00 de quarta-feira recebeu a informa\u00e7\u00e3o sobre dois menores que tinham dado entrada na Urg\u00eancia do Hospital de S\u00e3o Bernardo, em Set\u00fabal, com ferimentos de arma de fogo.<\/p>\n<p>\u201cAmbas as v\u00edtimas encontravam-se em estado cr\u00edtico e reservado\u201d, salientou, referindo que, entretanto, o menor de 14 anos foi transferido para o Hospital de Santa Maria, em Lisboa, enquanto o de 9 anos acabou por morrer no hospital.<\/p>\n","protected":false},"excerpt":{"rendered":"Um menino de 9 anos morreu e um adolescente de 14 ficou ferido, na quarta-feira \u00e0 tarde, na&hellip;\n","protected":false},"author":2,"featured_media":211261,"comment_status":"","ping_status":"","sticky":false,"template":"","format":"standard","meta":{"footnotes":""},"categories":[10],"tags":[7558,27,28,41427,15,16,14,25,26,21,22,1437,12,13,19,20,32,23,24,33,11317,17,18,29,30,31],"class_list":{"0":"post-211260","1":"post","2":"type-post","3":"status-publish","4":"format-standard","5":"has-post-thumbnail","7":"category-portugal","8":"tag-ano-novo","9":"tag-breaking-news","10":"tag-breakingnews","11":"tag-cacadeira","12":"tag-featured-news","13":"tag-featurednews","14":"tag-headlines","15":"tag-latest-news","16":"tag-latestnews","17":"tag-main-news","18":"tag-mainnews","19":"tag-morte","20":"tag-news","21":"tag-noticias","22":"tag-noticias-principais","23":"tag-noticiasprincipais","24":"tag-portugal","25":"tag-principais-noticias","26":"tag-principaisnoticias","27":"tag-pt","28":"tag-setubal","29":"tag-top-stories","30":"tag-topstories","31":"tag-ultimas","32":"tag-ultimas-noticias","33":"tag-ultimasnoticias"},"share_on_mastodon":{"url":"https:\/\/pubeurope.com\/@pt\/115822697141491948","error":""},"_links":{"self":[{"href":"https:\/\/www.europesays.com\/pt\/wp-json\/wp\/v2\/posts\/211260","targetHints":{"allow":["GET"]}}],"collection":[{"href":"https:\/\/www.europesays.com\/pt\/wp-json\/wp\/v2\/posts"}],"about":[{"href":"https:\/\/www.europesays.com\/pt\/wp-json\/wp\/v2\/types\/post"}],"author":[{"embeddable":true,"href":"https:\/\/www.europesays.com\/pt\/wp-json\/wp\/v2\/users\/2"}],"replies":[{"embeddable":true,"href":"https:\/\/www.europesays.com\/pt\/wp-json\/wp\/v2\/comments?post=211260"}],"version-history":[{"count":0,"href":"https:\/\/www.europesays.com\/pt\/wp-json\/wp\/v2\/posts\/211260\/revisions"}],"wp:featuredmedia":[{"embeddable":true,"href":"https:\/\/www.europesays.com\/pt\/wp-json\/wp\/v2\/media\/211261"}],"wp:attachment":[{"href":"https:\/\/www.europesays.com\/pt\/wp-json\/wp\/v2\/media?parent=211260"}],"wp:term":[{"taxonomy":"category","embeddable":true,"href":"https:\/\/www.europesays.com\/pt\/wp-json\/wp\/v2\/categories?post=211260"},{"taxonomy":"post_tag","embeddable":true,"href":"https:\/\/www.europesays.com\/pt\/wp-json\/wp\/v2\/tags?post=211260"}],"curies":[{"name":"wp","href":"https:\/\/api.w.org\/{rel}","templated":true}]}}