{"id":211262,"date":"2026-01-02T00:34:16","date_gmt":"2026-01-02T00:34:16","guid":{"rendered":"https:\/\/www.europesays.com\/pt\/211262\/"},"modified":"2026-01-02T00:34:16","modified_gmt":"2026-01-02T00:34:16","slug":"mensagem-de-ano-novo-marcelo-apela-ao-sentido-de-coesao-nacional","status":"publish","type":"post","link":"https:\/\/www.europesays.com\/pt\/211262\/","title":{"rendered":"Mensagem de Ano Novo. Marcelo apela ao &#8220;sentido de coes\u00e3o nacional&#8221;"},"content":{"rendered":"<p>&#13;<br \/>\nO presidente referiu-se a 2026 como &#8220;ano singular que hoje come\u00e7a&#8221;, expressando desejos de paz para v\u00e1rios conflitos internacionais, &#8220;respeitando a lei internacional expressa na carta das Na\u00e7\u00f5es Unidas&#8221; e a &#8220;dignidade das pessoas&#8221;.&#13;\n<\/p>\n<p>Em direto a partir do Pal\u00e1cio de Bel\u00e9m, Marcelo Rebelo de Sousa disse <b>esperar, em termos globais, &#8220;um ano com mais desenvolvimento, mais justi\u00e7a, mais liberdade, mais igualdade, mais solidariedade&#8221;<\/b>. <\/p>\n<p>&#8220;O mesmo desejo vale para n\u00f3s, vale para Portugal. Ano novo, vida nova. Tamb\u00e9m com mais sa\u00fade, mais educa\u00e7\u00e3o, mais habita\u00e7\u00e3o, mais justi\u00e7a, ainda mais crescimento, ainda mais emprego e menor pobreza e desigualdade&#8221;, acrescentou, pedindo tamb\u00e9m &#8220;mais toler\u00e2ncia, mais concord\u00e2ncia&#8221; e &#8220;sentido de coes\u00e3o nacional&#8221;.&#13;\n<\/p>\n<p>&#13;<br \/>\nA menos de tr\u00eas semanas das elei\u00e7\u00f5es presidenciais de 18 de janeiro, o &#13;<br \/>\nPresidente da Rep\u00fablica afirmou que &#8220;o povo escolhe livremente o que &#13;<br \/>\nquer e quem quer para o futuro, com a esperan\u00e7a de que seja diferente e &#13;<br \/>\nmelhor do que o passado&#8221; em termos de &#8220;ideias, solu\u00e7\u00f5es e pessoas&#8221;, e &#13;<br \/>\nmanifestou a certeza de que o pa\u00eds ter\u00e1 &#8220;melhor futuro do que passado&#8221;.<b><br \/>&#13;<br \/>\n<\/b>&#13;\n<\/p>\n<p>&#13;<br \/>\n<b>&#8220;O povo escolhe livremente quem quer para o futuro&#8221;, afirmou, referindo ainda a disposi\u00e7\u00e3o dos nacionais para esperarem &#8220;milagres&#8221; que resolvam problemas.<\/b>&#13;\n<\/p>\n<p>&#13;<br \/>\nMarcelo Rebelo de Sousa fez votos de um 2026 com melhorias em v\u00e1rios setores, &#8220;com ideias, solu\u00e7\u00f5es e pessoas novas&#8221;, referindo que &#8220;\u00e9 essa a natureza e a for\u00e7a da democracia&#8221;.&#13;\n<\/p>\n<p>&#13;<br \/>\nLembrando a caracteriza\u00e7\u00e3o dos portugueses, para o bem e para o mal, pela pena de E\u00e7a de Queir\u00f3z em &#8220;A Ilustre Casa de Ramires&#8221;, o presidente sublinhou que, &#8220;com qualidade e coragem excepcionais, que de longe superam os defeitos, assim o somos h\u00e1 quase 900 anos, assim o seremos sempre&#8221;.&#13;\n<\/p>\n<p>&#13;<br \/>\nEste foi o n\u00f4no e \u00faltimo discurso de Marcelo Rebelo de Sousa de in\u00edcio de ano.\u00a0&#13;\n<\/p>\n<p>          <img decoding=\"async\" itemprop=\"image\" class=\"img-fluid\"   src=\"https:\/\/www.europesays.com\/pt\/wp-content\/uploads\/2026\/01\/2e674efc8265bc71c2d5461fdc4ed877_N.jpg\"\/><\/p>\n<p>Na v\u00e9spera de Natal, no Barreiro, Marcelo Rebelo de Sousa declarou aos jornalistas que hesitou entre dirigir ou n\u00e3o uma mensagem de Ano Novo neste contexto pr\u00e9-eleitoral, referindo que &#8220;houve presidentes que fizeram e houve um Presidente que n\u00e3o fez&#8221;. <\/p>\n<p>&#8220;Achei que Ano Novo \u00e9 Ano Novo, e, portanto, fa\u00e7o uma mensagem muito curta, obviamente, como se esperar\u00e1, de uma neutralidade absoluta&#8221;, prometeu.<\/p>\n<p>H\u00e1 um ano, nesta data, Marcelo Rebelo de Sousa real\u00e7ou a import\u00e2ncia de manter &#8220;a solidariedade institucional e at\u00e9 a coopera\u00e7\u00e3o estrat\u00e9gica entre \u00f3rg\u00e3os de soberania, nomeadamente Presidente da Rep\u00fablica e primeiro-ministro&#8221; que levou &#8220;a aprovar os or\u00e7amentos 2024 e 2025&#8221;, para assegurar &#8220;estabilidade, previsibilidade e respeito&#8221;.&#13;\n<\/p>\n<p>&#13;<br \/>\nEleito Presidente da Rep\u00fablica em 24 de janeiro de 2016, Marcelo Rebelo de Sousa tomou posse em 09 de mar\u00e7o do mesmo ano, meses depois de se ter formado um Governo minorit\u00e1rio do PS com apoio in\u00e9dito dos partidos mais \u00e0 esquerda, BE, PCP e PEV.&#13;\n<\/p>\n<p>Desde ent\u00e3o, dirigiu-se aos portugueses nove vezes em mensagens de Ano Novo, que a RTP recorda <a href=\"https:\/\/www.rtp.pt\/noticias\/politica\/dez-anos-de-mensagens-de-ano-novo-de-marcelo_v1707160\" target=\"_blank\" rel=\"nofollow noopener\">aqui<\/a>.<\/p>\n<p>&#13;<br \/>\ncom Lusa&#13;<\/p>\n","protected":false},"excerpt":{"rendered":"&#13; O presidente referiu-se a 2026 como &#8220;ano singular que hoje come\u00e7a&#8221;, expressando desejos de paz para v\u00e1rios&hellip;\n","protected":false},"author":2,"featured_media":211263,"comment_status":"","ping_status":"","sticky":false,"template":"","format":"standard","meta":{"footnotes":""},"categories":[8],"tags":[7558,27,28,15,16,14,25,26,21,22,588,12,13,19,20,32,14937,23,24,33,17,18,29,30,31],"class_list":{"0":"post-211262","1":"post","2":"type-post","3":"status-publish","4":"format-standard","5":"has-post-thumbnail","7":"category-principais-noticias","8":"tag-ano-novo","9":"tag-breaking-news","10":"tag-breakingnews","11":"tag-featured-news","12":"tag-featurednews","13":"tag-headlines","14":"tag-latest-news","15":"tag-latestnews","16":"tag-main-news","17":"tag-mainnews","18":"tag-marcelo-rebelo-de-sousa","19":"tag-news","20":"tag-noticias","21":"tag-noticias-principais","22":"tag-noticiasprincipais","23":"tag-portugal","24":"tag-presidencia-da-republica","25":"tag-principais-noticias","26":"tag-principaisnoticias","27":"tag-pt","28":"tag-top-stories","29":"tag-topstories","30":"tag-ultimas","31":"tag-ultimas-noticias","32":"tag-ultimasnoticias"},"share_on_mastodon":{"url":"https:\/\/pubeurope.com\/@pt\/115822701105232637","error":""},"_links":{"self":[{"href":"https:\/\/www.europesays.com\/pt\/wp-json\/wp\/v2\/posts\/211262","targetHints":{"allow":["GET"]}}],"collection":[{"href":"https:\/\/www.europesays.com\/pt\/wp-json\/wp\/v2\/posts"}],"about":[{"href":"https:\/\/www.europesays.com\/pt\/wp-json\/wp\/v2\/types\/post"}],"author":[{"embeddable":true,"href":"https:\/\/www.europesays.com\/pt\/wp-json\/wp\/v2\/users\/2"}],"replies":[{"embeddable":true,"href":"https:\/\/www.europesays.com\/pt\/wp-json\/wp\/v2\/comments?post=211262"}],"version-history":[{"count":0,"href":"https:\/\/www.europesays.com\/pt\/wp-json\/wp\/v2\/posts\/211262\/revisions"}],"wp:featuredmedia":[{"embeddable":true,"href":"https:\/\/www.europesays.com\/pt\/wp-json\/wp\/v2\/media\/211263"}],"wp:attachment":[{"href":"https:\/\/www.europesays.com\/pt\/wp-json\/wp\/v2\/media?parent=211262"}],"wp:term":[{"taxonomy":"category","embeddable":true,"href":"https:\/\/www.europesays.com\/pt\/wp-json\/wp\/v2\/categories?post=211262"},{"taxonomy":"post_tag","embeddable":true,"href":"https:\/\/www.europesays.com\/pt\/wp-json\/wp\/v2\/tags?post=211262"}],"curies":[{"name":"wp","href":"https:\/\/api.w.org\/{rel}","templated":true}]}}