{"id":211268,"date":"2026-01-02T00:41:08","date_gmt":"2026-01-02T00:41:08","guid":{"rendered":"https:\/\/www.europesays.com\/pt\/211268\/"},"modified":"2026-01-02T00:41:08","modified_gmt":"2026-01-02T00:41:08","slug":"sporting-avanca-por-souleymane-faye","status":"publish","type":"post","link":"https:\/\/www.europesays.com\/pt\/211268\/","title":{"rendered":"Sporting avan\u00e7a por Souleymane Faye"},"content":{"rendered":"<p>O Sporting vai avan\u00e7ar para a contrata\u00e7\u00e3o de\u00a0Souleymane Faye.<\/p>\n<p>Ora isto \u00e9 poss\u00edvel porque Lu\u00eds Guilherme n\u00e3o \u00e9 o \u00fanico extremo a caminho de Alvalade neste m\u00eas de janeiro. A SAD leonina tem a inten\u00e7\u00e3o de avan\u00e7ar por outro jogador para a mesma posi\u00e7\u00e3o, mas numa perspetiva diferente: quer garantir dois extremos, um para entrar de imediato na equipa e outro, mais jovem, numa perspetiva de futuro.<\/p>\n<p>\u00c9 nesse sentido que Souleymane Faye, extremo do Granada, da II Liga espanhola, entrou na \u00f3rbita do clube leonino: trata-se de jovem de 22 anos, internacional pelo Senegal, que o Sporting pretende para o futuro.<\/p>\n<p>Nesse sentido, o jogador do Granada tornou-se um objetivo de mercado, como noticiou a Marca e confirmou o <strong>Maisfutebol<\/strong>.<\/p>\n<p>Souleymane Faye tem o passe avaliado em um milh\u00e3o de euros, pelo que \u00e9 tamb\u00e9m uma oportunidade de neg\u00f3cio, que o Sporting identificou na II Liga espanhola e que n\u00e3o quer perder.<\/p>\n","protected":false},"excerpt":{"rendered":"O Sporting vai avan\u00e7ar para a contrata\u00e7\u00e3o de\u00a0Souleymane Faye. Ora isto \u00e9 poss\u00edvel porque Lu\u00eds Guilherme n\u00e3o \u00e9&hellip;\n","protected":false},"author":2,"featured_media":211269,"comment_status":"","ping_status":"","sticky":false,"template":"","format":"standard","meta":{"footnotes":""},"categories":[87],"tags":[135,19867,46,40,42,41,32,33,47,43,41429,41428,34,134,35],"class_list":{"0":"post-211268","1":"post","2":"type-post","3":"status-publish","4":"format-standard","5":"has-post-thumbnail","7":"category-desporto","8":"tag-desporto","9":"tag-granada","10":"tag-maisfutebol","11":"tag-maistransferencias","12":"tag-mercado","13":"tag-mercado-de-transferencias","14":"tag-portugal","15":"tag-pt","16":"tag-pura-paixao","17":"tag-reforco-sporting","18":"tag-sad-leonina","19":"tag-soulemane-faye","20":"tag-sporting","21":"tag-sports","22":"tag-transferencias"},"share_on_mastodon":{"url":"https:\/\/pubeurope.com\/@pt\/115822728596180264","error":""},"_links":{"self":[{"href":"https:\/\/www.europesays.com\/pt\/wp-json\/wp\/v2\/posts\/211268","targetHints":{"allow":["GET"]}}],"collection":[{"href":"https:\/\/www.europesays.com\/pt\/wp-json\/wp\/v2\/posts"}],"about":[{"href":"https:\/\/www.europesays.com\/pt\/wp-json\/wp\/v2\/types\/post"}],"author":[{"embeddable":true,"href":"https:\/\/www.europesays.com\/pt\/wp-json\/wp\/v2\/users\/2"}],"replies":[{"embeddable":true,"href":"https:\/\/www.europesays.com\/pt\/wp-json\/wp\/v2\/comments?post=211268"}],"version-history":[{"count":0,"href":"https:\/\/www.europesays.com\/pt\/wp-json\/wp\/v2\/posts\/211268\/revisions"}],"wp:featuredmedia":[{"embeddable":true,"href":"https:\/\/www.europesays.com\/pt\/wp-json\/wp\/v2\/media\/211269"}],"wp:attachment":[{"href":"https:\/\/www.europesays.com\/pt\/wp-json\/wp\/v2\/media?parent=211268"}],"wp:term":[{"taxonomy":"category","embeddable":true,"href":"https:\/\/www.europesays.com\/pt\/wp-json\/wp\/v2\/categories?post=211268"},{"taxonomy":"post_tag","embeddable":true,"href":"https:\/\/www.europesays.com\/pt\/wp-json\/wp\/v2\/tags?post=211268"}],"curies":[{"name":"wp","href":"https:\/\/api.w.org\/{rel}","templated":true}]}}