{"id":211270,"date":"2026-01-02T00:42:16","date_gmt":"2026-01-02T00:42:16","guid":{"rendered":"https:\/\/www.europesays.com\/pt\/211270\/"},"modified":"2026-01-02T00:42:16","modified_gmt":"2026-01-02T00:42:16","slug":"veja-como-aliviar-o-desconforto-e-acelerar-a-recuperacao","status":"publish","type":"post","link":"https:\/\/www.europesays.com\/pt\/211270\/","title":{"rendered":"veja como aliviar o desconforto e acelerar a recupera\u00e7\u00e3o"},"content":{"rendered":"<p class=\"texto\">A sa\u00fade bucal vai muito al\u00e9m dos cuidados com dentes e gengivas, incluindo tamb\u00e9m a aten\u00e7\u00e3o \u00e0s mucosas que revestem toda cavidade oral. Quando surgem ulcera\u00e7\u00f5es dolorosas nessa regi\u00e3o, conhecidas popularmente como aftas, \u00e9 fundamental compreender suas origens para um tratamento eficaz.<\/p>\n<p class=\"texto\">De acordo com a coordenadora do curso de Odontologia da Faculdade Anhanguera, Manuella Lamar\u00e3o, o surgimento de aftas pode estar relacionado a diversos fatores. \u201cElas podem aparecer devido a pequenas les\u00f5es na mucosa, imunidade baixa, falta de vitaminas do complexo B, rea\u00e7\u00f5es a bact\u00e9rias bucais, doen\u00e7as inflamat\u00f3rias do sistema digestivo e at\u00e9 situa\u00e7\u00f5es de estresse emocional\u201d, explica.<\/p>\n<p class=\"texto\">O impacto dessas feridas, por sua vez, ultrapassa o desconforto moment\u00e2neo, interferindo nas atividades b\u00e1sicas do cotidiano. \u201cA dor \u00e9 causada pela fric\u00e7\u00e3o constante entre os dentes, a l\u00edngua e os alimentos. Comidas muito \u00e1cidas ou apimentadas agravam o quadro e prolongam o processo de cicatriza\u00e7\u00e3o. Em alguns casos, at\u00e9 a fala \u00e9 afetada, j\u00e1 que o movimento da boca pode irritar ainda mais a regi\u00e3o\u201d, destaca a profissional. <\/p>\n<p>Aliviando o desconforto gerado pela afta<\/p>\n<p class=\"texto\">Durante o per\u00edodo de cicatriza\u00e7\u00e3o, que costuma durar de uma a duas semanas, algumas medidas simples ajudam a reduzir o <strong>desconforto<\/strong> provocado pela afta:<\/p>\n<ul class=\"wp-block-list\">\n<li>Evite alimentos \u00e1cidos, apimentados ou muito condimentados;<\/li>\n<li><strong>Escove os dentes<\/strong> com cuidado e use escova de cerdas macias;<\/li>\n<li>Fa\u00e7a bochechos suaves com enxaguantes sem \u00e1lcool;<\/li>\n<li>Aplique gelo no local para aliviar a irrita\u00e7\u00e3o.<\/li>\n<\/ul>\n<p><img fetchpriority=\"high\" decoding=\"async\" width=\"1024\" height=\"683\" src=\"https:\/\/www.europesays.com\/pt\/wp-content\/uploads\/2026\/01\/dentista-saudegeral-1024x683.jpg\" alt=\"Dois dentistas com jalecos brancos atendendo uma paciente sentada na cadeira odontol\u00f3gica\" class=\"wp-image-519909\"  \/>Quando a afta tem causas mais complexas, o acompanhamento profissional \u00e9 essencial (Imagem: PeopleImages | Shutterstock)<\/p>\n<p>Quando procurar ajuda profissional?<\/p>\n<p class=\"texto\">Embora a maioria das aftas desapare\u00e7a sozinha, Manuella Lamar\u00e3o refor\u00e7a que \u00e9 importante procurar um <strong>dentista<\/strong> ou m\u00e9dico em casos espec\u00edficos:<\/p>\n<ul class=\"wp-block-list\">\n<li>Se as aftas n\u00e3o cicatrizarem ap\u00f3s duas semanas;<\/li>\n<li>Se forem frequentes ou muito dolorosas;<\/li>\n<li>Se houver febre, aumento de g\u00e2nglios ou outros sintomas associados;<\/li>\n<li>Se a dor impedir a alimenta\u00e7\u00e3o ou a fala.<\/li>\n<\/ul>\n<p class=\"texto\">\u201cO cuidado caseiro pode aliviar, mas nem sempre resolve. Em alguns casos, o problema pode ter causas mais complexas e at\u00e9 se confundir com les\u00f5es de origem infecciosa ou tumoral. Por isso, o acompanhamento profissional \u00e9 essencial para um diagn\u00f3stico seguro\u201d, orienta a dentista.<\/p>\n<p class=\"texto\">Por Priscila Dezid\u00e9rio<\/p>\n<ul>\n<li><a href=\"https:\/\/wa.me\/?text=Afta%3A+veja+como+aliviar+o+desconforto+e+acelerar+a+recupera%C3%A7%C3%A3o%20https:\/\/www.correiobraziliense.com.br\/revista-do-correio\/2026\/01\/7324349-afta-veja-como-aliviar-o-desconforto-e-acelerar-a-recuperacao.html\" target=\"_blank\" title=\"Whatsapp\" aria-label=\"WhatsApp\" rel=\"nofollow noopener\"><\/a><\/li>\n<li><a href=\"https:\/\/www.facebook.com\/sharer.php?u=https:\/\/www.correiobraziliense.com.br%2Frevista-do-correio%2F2026%2F01%2F7324349-afta-veja-como-aliviar-o-desconforto-e-acelerar-a-recuperacao.html&amp;text=Afta%3A+veja+como+aliviar+o+desconforto+e+acelerar+a+recupera%C3%A7%C3%A3o\" target=\"_blank\" title=\"Facebook\" aria-label=\"Facebook\" rel=\"nofollow noopener\"><\/a><\/li>\n<li><a href=\"https:\/\/twitter.com\/intent\/tweet?url=https:\/\/www.correiobraziliense.com.br%2Frevista-do-correio%2F2026%2F01%2F7324349-afta-veja-como-aliviar-o-desconforto-e-acelerar-a-recuperacao.html&amp;text=Afta%3A+veja+como+aliviar+o+desconforto+e+acelerar+a+recupera%C3%A7%C3%A3o\" target=\"_blank\" title=\"Twitter\" aria-label=\"Twitter\" rel=\"nofollow noopener\"><\/a><\/li>\n<li><a href=\"https:\/\/profile.google.com\/cp\/CgovbS8wNzZ0dms1\" title=\"Google Discover\" target=\"_blank\" aria-label=\"Google Discover\" rel=\"nofollow noopener\"><img decoding=\"async\" src=\"https:\/\/www.europesays.com\/pt\/wp-content\/uploads\/2025\/12\/google-discover-icon.png\" style=\"height: 25px; margin: 0 !important; margin-left: 3px;\" alt=\"Google Discover Icon\"\/><\/a><\/li>\n<\/ul>\n<p>                          <script async src=\"https:\/\/platform.twitter.com\/widgets.js\" charset=\"utf-8\"><\/script><\/p>\n","protected":false},"excerpt":{"rendered":"A sa\u00fade bucal vai muito al\u00e9m dos cuidados com dentes e gengivas, incluindo tamb\u00e9m a aten\u00e7\u00e3o \u00e0s mucosas&hellip;\n","protected":false},"author":2,"featured_media":211271,"comment_status":"","ping_status":"","sticky":false,"template":"","format":"standard","meta":{"footnotes":""},"categories":[86],"tags":[538,4913,116,32,33,117,10991,4780],"class_list":{"0":"post-211270","1":"post","2":"type-post","3":"status-publish","4":"format-standard","5":"has-post-thumbnail","7":"category-saude","8":"tag-bem-estar","9":"tag-edicase","10":"tag-health","11":"tag-portugal","12":"tag-pt","13":"tag-saude","14":"tag-saude-bem-estar","15":"tag-saude-bucal"},"share_on_mastodon":{"url":"https:\/\/pubeurope.com\/@pt\/115822732477473861","error":""},"_links":{"self":[{"href":"https:\/\/www.europesays.com\/pt\/wp-json\/wp\/v2\/posts\/211270","targetHints":{"allow":["GET"]}}],"collection":[{"href":"https:\/\/www.europesays.com\/pt\/wp-json\/wp\/v2\/posts"}],"about":[{"href":"https:\/\/www.europesays.com\/pt\/wp-json\/wp\/v2\/types\/post"}],"author":[{"embeddable":true,"href":"https:\/\/www.europesays.com\/pt\/wp-json\/wp\/v2\/users\/2"}],"replies":[{"embeddable":true,"href":"https:\/\/www.europesays.com\/pt\/wp-json\/wp\/v2\/comments?post=211270"}],"version-history":[{"count":0,"href":"https:\/\/www.europesays.com\/pt\/wp-json\/wp\/v2\/posts\/211270\/revisions"}],"wp:featuredmedia":[{"embeddable":true,"href":"https:\/\/www.europesays.com\/pt\/wp-json\/wp\/v2\/media\/211271"}],"wp:attachment":[{"href":"https:\/\/www.europesays.com\/pt\/wp-json\/wp\/v2\/media?parent=211270"}],"wp:term":[{"taxonomy":"category","embeddable":true,"href":"https:\/\/www.europesays.com\/pt\/wp-json\/wp\/v2\/categories?post=211270"},{"taxonomy":"post_tag","embeddable":true,"href":"https:\/\/www.europesays.com\/pt\/wp-json\/wp\/v2\/tags?post=211270"}],"curies":[{"name":"wp","href":"https:\/\/api.w.org\/{rel}","templated":true}]}}