{"id":211281,"date":"2026-01-02T00:52:10","date_gmt":"2026-01-02T00:52:10","guid":{"rendered":"https:\/\/www.europesays.com\/pt\/211281\/"},"modified":"2026-01-02T00:52:10","modified_gmt":"2026-01-02T00:52:10","slug":"perdeu-mais-de-20-quilos-e-esta-irreconhecivel-agora-noelia-regressa-aos-reality-shows-primeira-companhia","status":"publish","type":"post","link":"https:\/\/www.europesays.com\/pt\/211281\/","title":{"rendered":"Perdeu mais de 20 quilos e est\u00e1 irreconhec\u00edvel. Agora, No\u00e9lia regressa aos reality-shows &#8211; Primeira Companhia"},"content":{"rendered":"<p><a href=\"https:\/\/tvi.iol.pt\/bigbrother\/search?pagina=1&amp;pesquisa=no%C3%A9lia+pereira\" wbo-id=\"62\" rel=\"nofollow noopener\" target=\"_blank\"><strong data-end=\"377\" data-start=\"359\">No\u00e9lia Pereira<\/strong><\/a>, perdeu mais de 20 quilos e tem sido\u00a0um verdadeiro exemplo de\u00a0<strong data-end=\"775\" data-start=\"743\">perseveran\u00e7a e autenticidade<\/strong>, partilhando com os f\u00e3s todos os detalhes da sua\u00a0<strong data-end=\"853\" data-start=\"825\">jornada de perda de peso<\/strong>\u00a0\u2014 sem recorrer a procedimentos cir\u00fargicos ou m\u00e9todos invasivos.<\/p>\n<p data-end=\"1119\" data-start=\"919\">Agora, regressa aos reality-shows com a &#8216;Primeira Companhia&#8217; e promete n\u00e3o ter medo de suar. \u00c9\u00a0trabalhadora, despachada e preocupada \u2013 \u00e0s vezes at\u00e9 demais. Garante que n\u00e3o tem medo do trabalho pesado, s\u00f3 de velocidades e charcos de lama. Chega \u00e0 Primeira Companhia em modo alerta m\u00e1ximo.<\/p>\n<p>Assume que dormir pouco pode ser um pesadelo, e que a conviv\u00eancia com pessoas dif\u00edceis ser\u00e1 outro teste acrescido.<\/p>\n<p>Ansiosa por natureza, garante estar em boa forma f\u00edsica e pronta para qualquer desafio. Habituada a mandar em tudo, sabe que aqui, ser\u00e1 imperativo cumprir as ordens do comandante. Desta vez, assume que vem para ganhar, custe o que custar!<\/p>\n<p>Percorra a galeria de fotografias que prepar\u00e1mos para si com as imagens da impressionante transforma\u00e7\u00e3o f\u00edsica de No\u00e9lia.\u00a0<\/p>\n","protected":false},"excerpt":{"rendered":"No\u00e9lia Pereira, perdeu mais de 20 quilos e tem sido\u00a0um verdadeiro exemplo de\u00a0perseveran\u00e7a e autenticidade, partilhando com os&hellip;\n","protected":false},"author":2,"featured_media":211282,"comment_status":"","ping_status":"","sticky":false,"template":"","format":"standard","meta":{"footnotes":""},"categories":[142],"tags":[32685,6781,41432,41409,328,114,115,980,330,41431,32686,338,34992,32,40325,33,41430,25009,151,162],"class_list":{"0":"post-211281","1":"post","2":"type-post","3":"status-publish","4":"format-standard","5":"has-post-thumbnail","7":"category-tv","8":"tag-1a-companhia","9":"tag-base","10":"tag-bucelas","11":"tag-comandante","12":"tag-concorrentes","13":"tag-entertainment","14":"tag-entretenimento","15":"tag-famosos","16":"tag-gala","17":"tag-instrutores","18":"tag-jose-moutinho","19":"tag-maria-botelho-moniz","20":"tag-noelia","21":"tag-portugal","22":"tag-primeira-companhia","23":"tag-pt","24":"tag-recruta","25":"tag-recrutas","26":"tag-tv","27":"tag-tvi"},"share_on_mastodon":{"url":"https:\/\/pubeurope.com\/@pt\/115822771718737253","error":""},"_links":{"self":[{"href":"https:\/\/www.europesays.com\/pt\/wp-json\/wp\/v2\/posts\/211281","targetHints":{"allow":["GET"]}}],"collection":[{"href":"https:\/\/www.europesays.com\/pt\/wp-json\/wp\/v2\/posts"}],"about":[{"href":"https:\/\/www.europesays.com\/pt\/wp-json\/wp\/v2\/types\/post"}],"author":[{"embeddable":true,"href":"https:\/\/www.europesays.com\/pt\/wp-json\/wp\/v2\/users\/2"}],"replies":[{"embeddable":true,"href":"https:\/\/www.europesays.com\/pt\/wp-json\/wp\/v2\/comments?post=211281"}],"version-history":[{"count":0,"href":"https:\/\/www.europesays.com\/pt\/wp-json\/wp\/v2\/posts\/211281\/revisions"}],"wp:featuredmedia":[{"embeddable":true,"href":"https:\/\/www.europesays.com\/pt\/wp-json\/wp\/v2\/media\/211282"}],"wp:attachment":[{"href":"https:\/\/www.europesays.com\/pt\/wp-json\/wp\/v2\/media?parent=211281"}],"wp:term":[{"taxonomy":"category","embeddable":true,"href":"https:\/\/www.europesays.com\/pt\/wp-json\/wp\/v2\/categories?post=211281"},{"taxonomy":"post_tag","embeddable":true,"href":"https:\/\/www.europesays.com\/pt\/wp-json\/wp\/v2\/tags?post=211281"}],"curies":[{"name":"wp","href":"https:\/\/api.w.org\/{rel}","templated":true}]}}