{"id":211293,"date":"2026-01-02T01:02:21","date_gmt":"2026-01-02T01:02:21","guid":{"rendered":"https:\/\/www.europesays.com\/pt\/211293\/"},"modified":"2026-01-02T01:02:21","modified_gmt":"2026-01-02T01:02:21","slug":"e-oficial-o-emblematico-comandante-da-1a-companhia-esta-de-regresso-a-nova-edicao-primeira-companhia","status":"publish","type":"post","link":"https:\/\/www.europesays.com\/pt\/211293\/","title":{"rendered":"\u00c9 oficial: O emblem\u00e1tico comandante da 1\u00aa Companhia est\u00e1 de regresso \u00e0 nova edi\u00e7\u00e3o &#8211; Primeira Companhia"},"content":{"rendered":"<p><strong>Jos\u00e9 Moutinho<a href=\"https:\/\/tvi.iol.pt\/primeiracompanhia\/\" rel=\"nofollow noopener\" target=\"_blank\"> est\u00e1 de regresso \u00e0 1\u00aa Companhia<\/a><\/strong>. O comandante que orientou as tropas improv\u00e1veis das primeiras edi\u00e7\u00f5es deste reality show, que se estreou h\u00e1 20 anos, est\u00e1 de regresso e promete vir com a mesma exig\u00eancia e disciplina.\u00a0<b>O ex-militar, agora com 64 anos, est\u00e1 mesmo de regresso.<\/b><\/p>\n<p><b>Recorde aqui um pouco do percurso de Jos\u00e9 Moutinho:<\/b><\/p>\n<p>Ainda se lembra do comandante mais temido da <strong>1\u00aa Compainha<\/strong>? Hoje, j\u00e1 na reserva,<strong> Jos\u00e9 Moutinho continua muito ativo em eventos do social <\/strong>e tamb\u00e9m nas redes sociais. Mas a verdade \u00e9 que o ex-militar tem um percurso de vida \u00a0impressionante.<\/p>\n<p><strong>Jos\u00e9 Valdez Bragan\u00e7a Moutinho<\/strong>, mais conhecido como Jos\u00e9 Moutinho, \u00e9 major paraquedista na reserva das <strong>For\u00e7as Armadas<\/strong> portuguesas e ficou famoso por ter sido o comandante nas duas edi\u00e7\u00f5es da <strong>1.\u00aa Companhia, transmitidas pela TVI<\/strong>. Com uma heran\u00e7a familiar de tradi\u00e7\u00e3o militar, Moutinho trouxe ao programa credibilidade e autoridade para liderar celebridades recrutas, num ambiente rigoroso, realista, com fardas, hierarquia, disciplina e treino f\u00edsico. Houve alguma pol\u00e9mica com militares sobre o uso de farda no reality, mas Moutinho defendeu que o objetivo era valorizar as<strong> For\u00e7as Armadas.<\/strong><\/p>\n<p>No plano pessoal, foi casado com <strong>Elsa Gerv\u00e1sio<\/strong>, com quem tem dois filhos, e juntos chegaram a ter uma ag\u00eancia de modelos, atores e rela\u00e7\u00f5es p\u00fablicas <strong>(Just Events)<\/strong>. Atualmente, Jos\u00e9 Moutinho vive um romance ao lado da stylist <a href=\"https:\/\/www.instagram.com\/madalena__fonseca\/?hl=en\" rel=\"nofollow noopener\" target=\"_blank\">Madalena Fonseca<\/a> e juntos s\u00e3o presen\u00e7a ass\u00eddua em v\u00e1rios eventos de alto gabarito em Portugal.\u00a0<\/p>\n<p>Apesar de ter sa\u00eddo da atividade militar, mant\u00e9m reconhecimento institucional: foi condecorado pela <strong>Ordem do Ex\u00e9rcito<\/strong> por servi\u00e7os distintos.<\/p>\n<p><strong>Percorra a nossa galeria e veja como est\u00e1 hoje o chefe do plant\u00e3o mais famoso de Portugal<\/strong><br \/>\u00a0<\/p>\n<p>                        <script async src=\"\/\/www.instagram.com\/embed.js\"><\/script><\/p>\n","protected":false},"excerpt":{"rendered":"Jos\u00e9 Moutinho est\u00e1 de regresso \u00e0 1\u00aa Companhia. O comandante que orientou as tropas improv\u00e1veis das primeiras edi\u00e7\u00f5es&hellip;\n","protected":false},"author":2,"featured_media":211294,"comment_status":"","ping_status":"","sticky":false,"template":"","format":"standard","meta":{"footnotes":""},"categories":[8],"tags":[41433,27,28,41409,21265,15,16,14,32686,25,26,21,22,12,13,19,20,32,23,24,33,21266,17,18,29,30,31],"class_list":{"0":"post-211293","1":"post","2":"type-post","3":"status-publish","4":"format-standard","5":"has-post-thumbnail","7":"category-principais-noticias","8":"tag-bastidores-da-primeira-companhia","9":"tag-breaking-news","10":"tag-breakingnews","11":"tag-comandante","12":"tag-entrevistas-exclusivas","13":"tag-featured-news","14":"tag-featurednews","15":"tag-headlines","16":"tag-jose-moutinho","17":"tag-latest-news","18":"tag-latestnews","19":"tag-main-news","20":"tag-mainnews","21":"tag-news","22":"tag-noticias","23":"tag-noticias-principais","24":"tag-noticiasprincipais","25":"tag-portugal","26":"tag-principais-noticias","27":"tag-principaisnoticias","28":"tag-pt","29":"tag-revelacoes-tvi","30":"tag-top-stories","31":"tag-topstories","32":"tag-ultimas","33":"tag-ultimas-noticias","34":"tag-ultimasnoticias"},"share_on_mastodon":{"url":"","error":"Validation failed: Text character limit of 500 exceeded"},"_links":{"self":[{"href":"https:\/\/www.europesays.com\/pt\/wp-json\/wp\/v2\/posts\/211293","targetHints":{"allow":["GET"]}}],"collection":[{"href":"https:\/\/www.europesays.com\/pt\/wp-json\/wp\/v2\/posts"}],"about":[{"href":"https:\/\/www.europesays.com\/pt\/wp-json\/wp\/v2\/types\/post"}],"author":[{"embeddable":true,"href":"https:\/\/www.europesays.com\/pt\/wp-json\/wp\/v2\/users\/2"}],"replies":[{"embeddable":true,"href":"https:\/\/www.europesays.com\/pt\/wp-json\/wp\/v2\/comments?post=211293"}],"version-history":[{"count":0,"href":"https:\/\/www.europesays.com\/pt\/wp-json\/wp\/v2\/posts\/211293\/revisions"}],"wp:featuredmedia":[{"embeddable":true,"href":"https:\/\/www.europesays.com\/pt\/wp-json\/wp\/v2\/media\/211294"}],"wp:attachment":[{"href":"https:\/\/www.europesays.com\/pt\/wp-json\/wp\/v2\/media?parent=211293"}],"wp:term":[{"taxonomy":"category","embeddable":true,"href":"https:\/\/www.europesays.com\/pt\/wp-json\/wp\/v2\/categories?post=211293"},{"taxonomy":"post_tag","embeddable":true,"href":"https:\/\/www.europesays.com\/pt\/wp-json\/wp\/v2\/tags?post=211293"}],"curies":[{"name":"wp","href":"https:\/\/api.w.org\/{rel}","templated":true}]}}