{"id":211309,"date":"2026-01-02T01:22:08","date_gmt":"2026-01-02T01:22:08","guid":{"rendered":"https:\/\/www.europesays.com\/pt\/211309\/"},"modified":"2026-01-02T01:22:08","modified_gmt":"2026-01-02T01:22:08","slug":"e-oficial-joao-moura-caetano-e-luiza-abreu-confirmam-que-vao-ser-pais-com-tocante-video","status":"publish","type":"post","link":"https:\/\/www.europesays.com\/pt\/211309\/","title":{"rendered":"\u00c9 oficial: Jo\u00e3o Moura Caetano e Lu\u00edza Abreu confirmam que v\u00e3o ser pais&#8230; com tocante v\u00eddeo!"},"content":{"rendered":"<p>Lu\u00edza Abreu e Jo\u00e3o Moura Caetano v\u00e3o ser pais. Pouco mais de uma semana depois de Adriano Silva Martins ter anunciado, no programa do V+ &#8220;V+ Fama&#8221;, que a cantora est\u00e1 gr\u00e1vida, a pr\u00f3prio recorreu ao Instagram para confirmar a not\u00edcia.<\/p>\n<p>Num v\u00eddeo publicado naquela rede social, <a href=\"https:\/\/selfie.iol.pt\/famosos\/luiza-abreu\/luiza-abreu-planeia-passar-o-natal-com-joao-moura-caetano-conheca-todos-os-planos\/20251202\/692f0fe2d34e3caad84bf06c\" target=\"_blank\" rel=\"nofollow noopener\">Lu\u00edza Abreu<\/a> surge a mexer no colarinho da camisa vestida por Jo\u00e3o Moura Caetano, no qual se pode ler a frase &#8220;beb\u00e9 a caminho&#8221;.<\/p>\n<p>&#8220;Um ano especial&#8221;, escreveu a ex-concorrente do reality show da <a href=\"https:\/\/tvi.iol.pt\/\" target=\"_blank\" rel=\"nofollow noopener\">TVI<\/a> &#8220;<a href=\"https:\/\/tvi.iol.pt\/bigbrother\/\" target=\"_blank\" rel=\"nofollow noopener\">Big Brother<\/a> Ver\u00e3o&#8221;, somando um emoji em forma de cora\u00e7\u00e3o, na legenda da filmagem.<\/p>\n<p>Este ser\u00e1 o primeiro filho para a cantora e para o cavaleiro taurom\u00e1quico.<\/p>\n<p>Veja, agora, o v\u00eddeo com o an\u00fancio de que Lu\u00edza Abreu e <a href=\"https:\/\/selfie.iol.pt\/famosos\/luiza-abreu\/surpresa-luiza-abreu-e-joao-moura-caetano-vao-ser-pais\/20251223\/694a7962d34e2bd5c6d5724b\" target=\"_blank\" rel=\"nofollow noopener\">Jo\u00e3o Moura Caetano<\/a> v\u00e3o ser pais.<\/p>\n","protected":false},"excerpt":{"rendered":"Lu\u00edza Abreu e Jo\u00e3o Moura Caetano v\u00e3o ser pais. Pouco mais de uma semana depois de Adriano Silva&hellip;\n","protected":false},"author":2,"featured_media":211310,"comment_status":"","ping_status":"","sticky":false,"template":"","format":"standard","meta":{"footnotes":""},"categories":[145],"tags":[6308,2557,48,1170,1640,41434,211,210,114,115,6309,980,3435,2611,1041,1015,1402,841,8204,619,10562,602,32,33,1014,1012,162],"class_list":{"0":"post-211309","1":"post","2":"type-post","3":"status-publish","4":"format-standard","5":"has-post-thumbnail","7":"category-celebridades","8":"tag-bb","9":"tag-bebe","10":"tag-big-brother","11":"tag-big-brother-verao","12":"tag-cantora","13":"tag-cavaleiro-tauromaquico","14":"tag-celebridades","15":"tag-celebrities","16":"tag-entertainment","17":"tag-entretenimento","18":"tag-ex-concorrente","19":"tag-famosos","20":"tag-filho","21":"tag-gravida","22":"tag-gravidez","23":"tag-instagram","24":"tag-joao-moura-caetano","25":"tag-luiza-abreu","26":"tag-mae","27":"tag-nacional","28":"tag-pai","29":"tag-pais","30":"tag-portugal","31":"tag-pt","32":"tag-reality-show","33":"tag-selfie","34":"tag-tvi"},"share_on_mastodon":{"url":"https:\/\/pubeurope.com\/@pt\/115822889662007565","error":""},"_links":{"self":[{"href":"https:\/\/www.europesays.com\/pt\/wp-json\/wp\/v2\/posts\/211309","targetHints":{"allow":["GET"]}}],"collection":[{"href":"https:\/\/www.europesays.com\/pt\/wp-json\/wp\/v2\/posts"}],"about":[{"href":"https:\/\/www.europesays.com\/pt\/wp-json\/wp\/v2\/types\/post"}],"author":[{"embeddable":true,"href":"https:\/\/www.europesays.com\/pt\/wp-json\/wp\/v2\/users\/2"}],"replies":[{"embeddable":true,"href":"https:\/\/www.europesays.com\/pt\/wp-json\/wp\/v2\/comments?post=211309"}],"version-history":[{"count":0,"href":"https:\/\/www.europesays.com\/pt\/wp-json\/wp\/v2\/posts\/211309\/revisions"}],"wp:featuredmedia":[{"embeddable":true,"href":"https:\/\/www.europesays.com\/pt\/wp-json\/wp\/v2\/media\/211310"}],"wp:attachment":[{"href":"https:\/\/www.europesays.com\/pt\/wp-json\/wp\/v2\/media?parent=211309"}],"wp:term":[{"taxonomy":"category","embeddable":true,"href":"https:\/\/www.europesays.com\/pt\/wp-json\/wp\/v2\/categories?post=211309"},{"taxonomy":"post_tag","embeddable":true,"href":"https:\/\/www.europesays.com\/pt\/wp-json\/wp\/v2\/tags?post=211309"}],"curies":[{"name":"wp","href":"https:\/\/api.w.org\/{rel}","templated":true}]}}