{"id":21133,"date":"2025-08-08T13:30:14","date_gmt":"2025-08-08T13:30:14","guid":{"rendered":"https:\/\/www.europesays.com\/pt\/21133\/"},"modified":"2025-08-08T13:30:14","modified_gmt":"2025-08-08T13:30:14","slug":"caio-castro-se-torna-alvo-de-nova-acao-judicial-ligada-a-construtora","status":"publish","type":"post","link":"https:\/\/www.europesays.com\/pt\/21133\/","title":{"rendered":"Caio Castro se torna alvo de nova a\u00e7\u00e3o judicial ligada \u00e0 construtora"},"content":{"rendered":"<p>Caio Castro se tornou alvo de mais uma batalha judicial envolvendo o setor imobili\u00e1rio. O famoso, que j\u00e1 havia sido citado em um processo anterior, teve seu nome inclu\u00eddo em uma a\u00e7\u00e3o de um engenheiro civil que alega ter tido preju\u00edzos relacionados a um empreendimento da construtora Nossolar Incorpora\u00e7\u00e3o de Im\u00f3veis. O artista seria s\u00f3cio oculto da empresa, de acordo com os autores.<\/p>\n<p>Anteriormente, Renan Biazotti e Rafaela Salemme acusaram a construtora de n\u00e3o realizar o registro formal da incorpora\u00e7\u00e3o do im\u00f3vel comprado pelo casal e avaliado em R$ 376 mil. Dessa vez, de acordo com a colunista F\u00e1bia Oliveira, do Metr\u00f3poles, quem entrou na Justi\u00e7a foi Lucas Pereira Sim\u00f5es.<\/p>\n<p>+\u00a0<a href=\"https:\/\/natelinha.uol.com.br\/mercado\/2025\/08\/07\/procon-sp-vence-acao-contra-netflix-sobre-politica-de-compartilhamento-de-senhas-229613.php\" rel=\"nofollow noopener\" target=\"_blank\">Procon-SP vence a\u00e7\u00e3o contra Netflix sobre pol\u00edtica de compartilhamento de senhas<\/a><\/p>\n<p>continua depois da publicidade<\/p>\n<p>+\u00a0<a href=\"https:\/\/natelinha.uol.com.br\/famosos\/2025\/08\/07\/eliana-manda-recado-para-quem-sente-saudade-dela-no-sbt-e-promete-novidades-229599.php\" rel=\"nofollow noopener\" target=\"_blank\">Eliana manda recado para quem sente saudade dela no SBT e promete novidades<\/a><\/p>\n<p>O autor tamb\u00e9m adquiriu um im\u00f3vel no projeto residencial e relatou a aus\u00eancia do registro legal da obra em cart\u00f3rio, sendo que isso compromete a seguran\u00e7a jur\u00eddica do investimento. O engenheiro afirma que <a href=\"https:\/\/natelinha.uol.com.br\/famosos\/tudo-sobre\/caio-castro\" rel=\"nofollow noopener\" target=\"_blank\">Caio Castro<\/a> \u00e9 envolvido diretamente com a Nossolar, mesmo n\u00e3o aparecendo oficialmente entre os s\u00f3cios registrados.<\/p>\n<p>Engenheiro pede que Justi\u00e7a bloqueie valor de conta de Caio Castro<\/p>\n<p><img loading=\"lazy\" decoding=\"async\" class=\"horizontal\" src=\"https:\/\/www.europesays.com\/pt\/wp-content\/uploads\/2025\/08\/h2-caio-castro-se-torna-alvo-nova-acao-justica_5.jpeg\" alt=\"Caio Castro s\u00e9rio, de \u00f3culos escuros, cabisbaixo\" width=\"1240\" height=\"719\"\/><\/p>\n<p>Na nova a\u00e7ao, Lucas Pereira Sim\u00f5es repetiu as acusa\u00e7\u00f5es de irregularidades dos autores do processo anterior e pediu que a Justi\u00e7a bloqueie bens e contas banc\u00e1rias dos empres\u00e1rios ligados \u00e0 construtora. Segundo os dados, seu preju\u00edzo foi de R$ 65,9 mil e ele busca ressarcimento.<\/p>\n<p>continua depois da publicidade<\/p>\n<p>No fim de julho, o engenheiro j\u00e1 teve uma vit\u00f3ria parcial, pois as autoridades concederam uma liminar determinando que os im\u00f3veis ainda n\u00e3o comercializados do mesmo empreendimento tenham suas matr\u00edculas atualizadas com informa\u00e7\u00f5es dos processos que foram abertos, visando alertar poss\u00edveis futuros compradores.<\/p>\n<p>Antes de determinar san\u00e7\u00f5es mais graves, por\u00e9m, o juiz vai ouvir os acusados.<\/p>\n<p>Caio Castro nunca declarou que fa\u00e7a parte da sociedade da construtora, mas os autores se basearam em reportagens e materiais da imprensa que apontaram a presen\u00e7a ativa do ator em iniciativas da empresa, nas quais ele vinculou sua imagem \u00e0 Nossolar Incorpora\u00e7\u00e3o de Im\u00f3veis.<\/p>\n<p>continua depois da publicidade<\/p>\n","protected":false},"excerpt":{"rendered":"Caio Castro se tornou alvo de mais uma batalha judicial envolvendo o setor imobili\u00e1rio. O famoso, que j\u00e1&hellip;\n","protected":false},"author":2,"featured_media":21134,"comment_status":"","ping_status":"","sticky":false,"template":"","format":"standard","meta":{"footnotes":""},"categories":[142],"tags":[7687,114,115,32,33,151],"class_list":{"0":"post-21133","1":"post","2":"type-post","3":"status-publish","4":"format-standard","5":"has-post-thumbnail","7":"category-tv","8":"tag-caio-castro","9":"tag-entertainment","10":"tag-entretenimento","11":"tag-portugal","12":"tag-pt","13":"tag-tv"},"share_on_mastodon":{"url":"","error":""},"_links":{"self":[{"href":"https:\/\/www.europesays.com\/pt\/wp-json\/wp\/v2\/posts\/21133","targetHints":{"allow":["GET"]}}],"collection":[{"href":"https:\/\/www.europesays.com\/pt\/wp-json\/wp\/v2\/posts"}],"about":[{"href":"https:\/\/www.europesays.com\/pt\/wp-json\/wp\/v2\/types\/post"}],"author":[{"embeddable":true,"href":"https:\/\/www.europesays.com\/pt\/wp-json\/wp\/v2\/users\/2"}],"replies":[{"embeddable":true,"href":"https:\/\/www.europesays.com\/pt\/wp-json\/wp\/v2\/comments?post=21133"}],"version-history":[{"count":0,"href":"https:\/\/www.europesays.com\/pt\/wp-json\/wp\/v2\/posts\/21133\/revisions"}],"wp:featuredmedia":[{"embeddable":true,"href":"https:\/\/www.europesays.com\/pt\/wp-json\/wp\/v2\/media\/21134"}],"wp:attachment":[{"href":"https:\/\/www.europesays.com\/pt\/wp-json\/wp\/v2\/media?parent=21133"}],"wp:term":[{"taxonomy":"category","embeddable":true,"href":"https:\/\/www.europesays.com\/pt\/wp-json\/wp\/v2\/categories?post=21133"},{"taxonomy":"post_tag","embeddable":true,"href":"https:\/\/www.europesays.com\/pt\/wp-json\/wp\/v2\/tags?post=21133"}],"curies":[{"name":"wp","href":"https:\/\/api.w.org\/{rel}","templated":true}]}}