{"id":211363,"date":"2026-01-02T02:37:30","date_gmt":"2026-01-02T02:37:30","guid":{"rendered":"https:\/\/www.europesays.com\/pt\/211363\/"},"modified":"2026-01-02T02:37:30","modified_gmt":"2026-01-02T02:37:30","slug":"em-off-ela-dizia-o-que-ele-devia-fazer-ex-concorrente-implacavel-com-marisa-e-pedro-tvi","status":"publish","type":"post","link":"https:\/\/www.europesays.com\/pt\/211363\/","title":{"rendered":"\u00abEm off, ela dizia o que ele devia fazer\u00bb: Ex-concorrente implac\u00e1vel com Marisa e Pedro &#8211; TVI"},"content":{"rendered":"<ol>\n<li><a href=\"https:\/\/news.google.com\/rss\/articles\/CBMi3wFBVV95cUxQbW1VTnFiMG8xVGJxNnNJdlZkb0lzcllMell0WlJVbHBPU2ZvUUh1X1ZPcG5ISlBBZkF3bjlXVDk5RzNocl9HSW83cHpkZzFLMUU0SExNbWFZTFY0ai1CMXlzd3hkZHNSUFZTQ1oxOWhmRnVMd0RRZC1uR1pyVTRKM1NDQWtoVnVRaDgwaVZIYW94WjVsTVI2N3R4S0daa2o2WnRtc1JJUmxtb1MtMHBnQTIxUjZkSXhLM0lzY1RzMWItaUVDUUQtNF9PdFFGczVjXzdHYmF0WndHUHJpYVFF?oc=5\" target=\"_blank\" rel=\"nofollow noopener\">\u00abEm off, ela dizia o que ele devia fazer\u00bb: Ex-concorrente implac\u00e1vel com Marisa e Pedro<\/a>&nbsp;&nbsp;TVI<\/li>\n<li><a href=\"https:\/\/news.google.com\/rss\/articles\/CBMi1AFBVV95cUxNdDQ3bldiWEI4Z3Z6cEhOU2k0YXE4Mjk4RFpiN2daSTloeGg4c1BEVUdPN09oeDFOYVdfVy12emNSUWtnRlZEYzRhLVN5TXJLZEMzM0M0eC1pUHViTVJBejhMdDUwWDVjTkp5WHZwNGlkejJ3VzNsMG5kdktFTGdlNVhLdF9PdF84X0xrMmczM2hNbDRDNUUtVTZTUDk2TXlsMHZXVHE1emZQaHczYXY4eXU4TkdHaDZ5aGkzdjZlMVkwakpCeW8tcTB0ZkhheVlJNENvctIB1AFBVV95cUxNdDQ3bldiWEI4Z3Z6cEhOU2k0YXE4Mjk4RFpiN2daSTloeGg4c1BEVUdPN09oeDFOYVdfVy12emNSUWtnRlZEYzRhLVN5TXJLZEMzM0M0eC1pUHViTVJBejhMdDUwWDVjTkp5WHZwNGlkejJ3VzNsMG5kdktFTGdlNVhLdF9PdF84X0xrMmczM2hNbDRDNUUtVTZTUDk2TXlsMHZXVHE1emZQaHczYXY4eXU4TkdHaDZ5aGkzdjZlMVkwakpCeW8tcTB0ZkhheVlJNENvcg?oc=5\" target=\"_blank\" rel=\"nofollow noopener\">Secret Story: In\u00eas Morais defende Pedro Jorge e coloca responsabilidade dos problemas do casal na inseguran\u00e7a de Marisa<\/a>&nbsp;&nbsp;infocul.pt<\/li>\n<li><a href=\"https:\/\/news.google.com\/rss\/articles\/CBMi2gFBVV95cUxNUGxoMF9GckZORkVYN0psYXMzWmRITzlwYkRYNFIxSHZUQlR0ZzljelFrckh4cDVTbTdsa0VGd0U2VFh1WHF5anB0S3dPdnM1aE5hUjdnWVlaYVROQVJGcjl3MS1Db2pCYnBQNG9namlBcnFYY0NWcnhZOHRMQlZBdUdVQnhiUVF5NldtUk1JWUxQUjJlNjFTOXBEaldsdTc2WjFuVzdRVVFmUDR0NmIxZWNJazNvNTVDemk3ay1hS0xRYWMyWHV3cWVoTHFfNndTMFNDMGRDT2FkZw?oc=5\" target=\"_blank\" rel=\"nofollow noopener\">A rea\u00e7\u00e3o hilariante dos finalistas \u00e0 VT de apresenta\u00e7\u00e3o de Marisa e Pedro Jorge<\/a>&nbsp;&nbsp;TVI<\/li>\n<li><a href=\"https:\/\/news.google.com\/rss\/articles\/CBMi1wFBVV95cUxPdHAwNVJhYWZIOTJ5UUlyNXA3Y1B5WXBKMGJIdzQ4TUNpS3NWcGRvUXBlQ3ZKVEVsYlBod2tQTXoteTRJbmluRlU1TFQxQmtwOU8tandvelNzYWZDbUVFY1RLQjlpQXZvSEMxbWh1QzJoaUVFVWJkRC1Vdms3QnBFSnlWa2g4TW00ODdPZlByd0tZZmxlT0lYSE85bzJIVV9BUGlTWmg2YUg1RmFkQ0NmMUFXUlhpNDBVb0FNdzYxcV9jaVR4Vl9ld3hWbGp4ZGNkeGRZVy1qTQ?oc=5\" target=\"_blank\" rel=\"nofollow noopener\">Cristina Ferreira revela o que lhe disseram os filhos de Pedro Jorge e Marisa<\/a>&nbsp;&nbsp;TVI<\/li>\n<li><a href=\"https:\/\/news.google.com\/rss\/articles\/CBMiswFBVV95cUxPYnpVVC1kd1c4SG1NQXRSZXphRUVyRGRsNFRuT0xKZzdvYnZCOVBILWtVSk5NYlNOcWNWMEpkWGdNZzZIVUZ4a2N0RjhaYlJXV1B2ZS1TZHhhUXJJMjJGSHprV3FLQkd0MFpwY0FDTVBNNlJpRE9zaXIwZndiUGd0czhud0FlbmdwQXhhb3dacnJEZmR0UHZad1JnS1NlTXBVZU9vVFh3TEZqV004RWJGdXhvTQ?oc=5\" target=\"_blank\" rel=\"nofollow noopener\">Come\u00e7ou! Est\u00e1 no ar a \u00faltima Gala do Secret Story 9<\/a>&nbsp;&nbsp;TVI<\/li>\n<\/ol>\n","protected":false},"excerpt":{"rendered":"\u00abEm off, ela dizia o que ele devia fazer\u00bb: Ex-concorrente implac\u00e1vel com Marisa e Pedro&nbsp;&nbsp;TVI Secret Story: In\u00eas&hellip;\n","protected":false},"author":2,"featured_media":211364,"comment_status":"","ping_status":"","sticky":false,"template":"","format":"standard","meta":{"footnotes":""},"categories":[142],"tags":[114,115,19184,19153,18800,32,33,151,162,18801],"class_list":{"0":"post-211363","1":"post","2":"type-post","3":"status-publish","4":"format-standard","5":"has-post-thumbnail","7":"category-tv","8":"tag-entertainment","9":"tag-entretenimento","10":"tag-marisa","11":"tag-marisa-susana","12":"tag-momentos-virais-secret-story","13":"tag-portugal","14":"tag-pt","15":"tag-tv","16":"tag-tvi","17":"tag-videos-virais-concorrentes"},"share_on_mastodon":{"url":"https:\/\/pubeurope.com\/@pt\/115823184647120114","error":""},"_links":{"self":[{"href":"https:\/\/www.europesays.com\/pt\/wp-json\/wp\/v2\/posts\/211363","targetHints":{"allow":["GET"]}}],"collection":[{"href":"https:\/\/www.europesays.com\/pt\/wp-json\/wp\/v2\/posts"}],"about":[{"href":"https:\/\/www.europesays.com\/pt\/wp-json\/wp\/v2\/types\/post"}],"author":[{"embeddable":true,"href":"https:\/\/www.europesays.com\/pt\/wp-json\/wp\/v2\/users\/2"}],"replies":[{"embeddable":true,"href":"https:\/\/www.europesays.com\/pt\/wp-json\/wp\/v2\/comments?post=211363"}],"version-history":[{"count":0,"href":"https:\/\/www.europesays.com\/pt\/wp-json\/wp\/v2\/posts\/211363\/revisions"}],"wp:featuredmedia":[{"embeddable":true,"href":"https:\/\/www.europesays.com\/pt\/wp-json\/wp\/v2\/media\/211364"}],"wp:attachment":[{"href":"https:\/\/www.europesays.com\/pt\/wp-json\/wp\/v2\/media?parent=211363"}],"wp:term":[{"taxonomy":"category","embeddable":true,"href":"https:\/\/www.europesays.com\/pt\/wp-json\/wp\/v2\/categories?post=211363"},{"taxonomy":"post_tag","embeddable":true,"href":"https:\/\/www.europesays.com\/pt\/wp-json\/wp\/v2\/tags?post=211363"}],"curies":[{"name":"wp","href":"https:\/\/api.w.org\/{rel}","templated":true}]}}