{"id":211412,"date":"2026-01-02T03:40:09","date_gmt":"2026-01-02T03:40:09","guid":{"rendered":"https:\/\/www.europesays.com\/pt\/211412\/"},"modified":"2026-01-02T03:40:09","modified_gmt":"2026-01-02T03:40:09","slug":"samsung-galaxy-s26-ultra-revolucao-na-filmagem-movel","status":"publish","type":"post","link":"https:\/\/www.europesays.com\/pt\/211412\/","title":{"rendered":"Samsung Galaxy S26 Ultra: Revolu\u00e7\u00e3o na Filmagem M\u00f3vel"},"content":{"rendered":"<p data-path-to-node=\"2\">A <a href=\"https:\/\/www.samsung.com\/pt\/\" target=\"_blank\" rel=\"noopener nofollow\">Samsung<\/a> parece ter finalmente ouvido as preces dos criadores de conte\u00fado que, embora apreciem a nitidez extrema dos seus sensores, muitas vezes se queixam do aspeto excessivamente \u201cdigital\u201d e artificial dos v\u00eddeos captados pelos smartphones. Com o aproximar do lan\u00e7amento da linha Galaxy S26, novos detalhes sobre o software da c\u00e2mara revelam que a marca est\u00e1 a preparar-se para transformar o Galaxy S26 Ultra numa aut\u00eantica ferramenta cinematogr\u00e1fica, focando-se menos na guerra dos megapixels e mais no controlo criativo do utilizador.<\/p>\n<ul>\n<li>Video Softening: Suaviza\u00e7\u00e3o do aspeto digital dos v\u00eddeos.<\/li>\n<li>Controlo de Autofocus: Novas op\u00e7\u00f5es de sensibilidade e velocidade de transi\u00e7\u00e3o.<\/li>\n<li>Integra\u00e7\u00e3o de novas funcionalidades no Camera Assistant.<\/li>\n<\/ul>\n<p class=\"ez-toc-title\" style=\"cursor:inherit\">Neste artigo v\u00e3o encontrar:<\/p>\n<p>Adeus \u00e0 nitidez artificial: Chega o Video Softening<\/p>\n<p data-path-to-node=\"5\">Uma das adi\u00e7\u00f5es mais aguardadas \u00e9 o \u201cVideo Softening\u201d. Se j\u00e1 \u00e9s utilizador de um topo de gama da Samsung, provavelmente j\u00e1 conheces o \u201cPicture Softening\u201d (Suaviza\u00e7\u00e3o de Imagem) para fotografias. Esta op\u00e7\u00e3o permite reduzir a agressividade do processamento da Samsung, tornando as texturas da pele e as arestas dos objetos mais naturais e menos processadas.<\/p>\n<p data-path-to-node=\"6\">No seu interior, o HyperOS 3 (da concorr\u00eancia) e outros sistemas t\u00eam tentado caminhos semelhantes, mas a Samsung quer levar isto para o v\u00eddeo com tr\u00eas n\u00edveis de intensidade: Desligado, M\u00e9dio e Alto. O objetivo \u00e9 eliminar aquele \u201cru\u00eddo digital\u201d que aparece frequentemente em condi\u00e7\u00f5es de pouca luz e dar \u00e0s filmagens um aspeto mais org\u00e2nico, semelhante ao que obtemos com c\u00e2maras mirrorless ou de cinema, onde a textura \u00e9 valorizada em vez da nitidez exagerada.<\/p>\n<p data-path-to-node=\"6\"><img loading=\"lazy\" decoding=\"async\" class=\"alignnone size-full wp-image-512503\" src=\"https:\/\/www.europesays.com\/pt\/wp-content\/uploads\/2026\/01\/surpresa-revelada-o-trunfo-do-galaxy-s26-e-incrivel-androidgeek.jpeg\" alt=\"\" width=\"1200\" height=\"675\"\/><\/p>\n<p>Controlo total sobre o Autofocus: Velocidade e Sensibilidade<\/p>\n<p data-path-to-node=\"8\">A segunda grande revolu\u00e7\u00e3o de software diz respeito ao sistema de focagem. Quem grava v\u00eddeos com movimento sabe como pode ser frustrante quando a c\u00e2mara \u201csalta\u201d de um foco para outro de forma abrupta ou quando foca um objeto que entrou acidentalmente no enquadramento.<\/p>\n<p data-path-to-node=\"9\">No Galaxy S26 Ultra, teremos dois novos controlos fundamentais:<\/p>\n<ul data-path-to-node=\"10\">\n<li>\n<p data-path-to-node=\"10,0,0\">Sensibilidade do Deslocamento (Shift Sensitivity): Permite definir qu\u00e3o r\u00e1pido a c\u00e2mara deve reagir quando um novo objeto entra na cena. Podes tornar o foco mais \u201cteimoso\u201d para que ele n\u00e3o mude de plano ao primeiro movimento, ou torn\u00e1-lo ultrarresponsivo para cenas de a\u00e7\u00e3o.<\/p>\n<\/li>\n<li>\n<p data-path-to-node=\"10,1,0\">Velocidade de Transi\u00e7\u00e3o: Esta \u00e9 a funcionalidade de sonho para quem procura um visual cinematogr\u00e1fico. Podes abrandar a velocidade com que o foco desliza entre dois pontos, criando aquele efeito suave de \u201crack focus\u201d que vemos nos filmes, onde a transi\u00e7\u00e3o \u00e9 gradual e art\u00edstica.<\/p>\n<\/li>\n<\/ul>\n<p>Software como o novo trunfo da Samsung<\/p>\n<p data-path-to-node=\"12\">Embora existam rumores de que o hardware principal manter\u00e1 o <a href=\"https:\/\/androidgeek.pt\/oneplus-16-rumores-camara-200mp-outubro-2026\" target=\"_blank\" rel=\"noopener nofollow\">sensor de 200MP<\/a> (embora com uma nova abertura de f\/1.4 para melhor performance noturna), estas atualiza\u00e7\u00f5es provam que a Samsung percebeu que o futuro da fotografia m\u00f3vel est\u00e1 nos algoritmos e na liberdade dada ao utilizador. A integra\u00e7\u00e3o destas fun\u00e7\u00f5es no Camera Assistant mostra que a marca quer atrair profissionais e entusiastas sem sobrecarregar a interface simples da c\u00e2mara para o utilizador comum.<\/p>\n<p data-path-to-node=\"13\">Al\u00e9m destas melhorias, fala-se ainda da compatibilidade com controladores de lentes profissionais (como os da marca TILTA) e da introdu\u00e7\u00e3o de um novo codec de v\u00eddeo avan\u00e7ado (APV), que permitir\u00e1 captar mais informa\u00e7\u00e3o de cor e detalhe para quem gosta de fazer grada\u00e7\u00e3o de cor em p\u00f3s-produ\u00e7\u00e3o.<\/p>\n<p data-path-to-node=\"13\"><img loading=\"lazy\" decoding=\"async\" class=\"alignnone size-full wp-image-510558\" src=\"https:\/\/www.europesays.com\/pt\/wp-content\/uploads\/2026\/01\/samsung-regressa-as-origens-antes-do-lancamento-do-galaxy-s26-androidgeek.webp.webp\" alt=\"\" width=\"1200\" height=\"675\"\/><\/p>\n<p>Lan\u00e7amento e Disponibilidade<\/p>\n<p data-path-to-node=\"15\">Tudo indica que o <a href=\"https:\/\/androidgeek.pt\/samsung-galaxy-s26-menos-dependencia-dos-snapdragon\" target=\"_blank\" rel=\"noopener nofollow\">Samsung Galaxy S26<\/a><a href=\"https:\/\/androidgeek.pt\/samsung-galaxy-s26-ultra-design-modelos-falsos-leaks\" target=\"_blank\" rel=\"noopener nofollow\"> Ultra<\/a> ser\u00e1 apresentado num evento Unpacked em fevereiro de 2026, chegando ao mercado com o Android 16 e o One UI 8.5 de f\u00e1brica. Embora exista a esperan\u00e7a de que estas funcionalidades cheguem a modelos anteriores como o S25 ou S24 Ultra, \u00e9 muito prov\u00e1vel que, numa fase inicial, sejam exclusivas do novo hardware para justificar o upgrade e tirar partido do novo processamento de IA do <a href=\"https:\/\/androidgeek.pt\/motorola-edge-70-ultra-x70-air-pro-snapdragon-8-gen-5\" target=\"_blank\" rel=\"noopener nofollow\">Snapdragon 8 Elite Gen 5<\/a>.<\/p>\n<p>Conclus\u00e3o<\/p>\n<p data-path-to-node=\"17\">Com o Galaxy S26 Ultra, a Samsung parece estar a mudar o seu foco de \u201cquem tem o maior sensor\u201d para \u201cquem oferece a melhor ferramenta\u201d. As novas funcionalidades de suaviza\u00e7\u00e3o de v\u00eddeo e o controlo granular do autofocus s\u00e3o passos gigantes para quem leva a cria\u00e7\u00e3o de conte\u00fado a s\u00e9rio. Ao democratizar estas ferramentas profissionais diretamente na aplica\u00e7\u00e3o da c\u00e2mara, a Samsung posiciona o seu pr\u00f3ximo flagship como o dispositivo de elei\u00e7\u00e3o para cineastas e vloggers. Se as melhorias de software forem t\u00e3o eficazes quanto os rumores sugerem, o visual excessivamente digital dos v\u00eddeos de smartphone pode finalmente tornar-se coisa do passado. Segundo o <a href=\"https:\/\/www.gizchina.com\/samsung\/samsung-s26-ultra-could-smooth-out-your-videos-with-new-camera-tech\" target=\"_blank\" rel=\"noopener nofollow\">Gizchina<\/a>.<\/p>\n<p style=\"text-align: center;\">Leiam as \u00faltimas not\u00edcias do mundo da tecnologia no Google News ,\u00a0<a href=\"https:\/\/www.facebook.com\/androidgeekportugal\" target=\"_blank\" rel=\"noopener nofollow\">Facebook\u00a0<\/a>\u00a0e\u00a0<strong><a href=\"https:\/\/twitter.com\/AndroidGeekPT\" target=\"_blank\" rel=\"nofollow noopener\"> X (ex Twitter)\u00a0<\/a>.<\/strong><\/p>\n<p>&#13;<br \/>\n&#13;<\/p>\n<tr>&#13;<\/p>\n<td style=\"text-align: center;\"><img loading=\"lazy\" decoding=\"async\" class=\"size-full wp-image-512772 aligncenter\" src=\"https:\/\/www.europesays.com\/pt\/wp-content\/uploads\/2026\/01\/rascunho-automatico-androidgeek.png\" alt=\"\" width=\"343\" height=\"54\"\/>Todos os dias vos trazemos dezenas de not\u00edcias sobre o mundo Android em Portugu\u00eas. <strong style=\"font-family: inherit; font-size: inherit; background-color: transparent;\">Sigam-nos no Google Not\u00edcias. Cliquem\u00a0<a href=\"https:\/\/news.google.com\/publications\/CAAqBwgKMPG-hgswybGEAw\" target=\"_blank\" rel=\"noopener nofollow\">aqui<\/a>\u00a0e depois em Seguir.\u00a0<\/strong>Obrigado!<\/td>\n<p>&#13;<br \/>\n<\/tr>\n<p>&#13;<br \/>\n&#13;<\/p>\n<p>      <img decoding=\"async\" alt=\"\" src=\"\"\/><\/p>\n<p>\n        O recurso mais controverso do iPhone 17 Pro vira moda com autocolantes virais. Personalize o seu telefone com criatividade.            <\/p>\n<p>            <a class=\"element element_3  read_more \" target=\"\" href=\"https:\/\/androidgeek.pt\/stickers-virais-transformam-funcao-odiada-do-iphone-17\" rel=\"nofollow noopener\"><\/p>\n<p>\n        Motorola Edge 50 Neo recebe atualiza\u00e7\u00e3o para Android 16 em janeiro de 2026, conforme confirmado pela Motorola India.            <\/p>\n<p>            <a class=\"element element_3  read_more \" target=\"\" href=\"https:\/\/androidgeek.pt\/atualizacao-android-16-no-motorola-edge-50-neo-descubra-quando\" rel=\"nofollow noopener\"><\/p>\n<p>\n        OpenAI adquire startup de Jony Ive e planeia lan\u00e7ar uma caneta AI inovadora, com produ\u00e7\u00e3o a cargo da Foxconn. Novos            <\/p>\n<p>            <a class=\"element element_3  read_more \" target=\"\" href=\"https:\/\/androidgeek.pt\/este-e-o-primeiro-produto-openai-por-jony-ive\" rel=\"nofollow noopener\"><\/p>\n<p>\n        A sincroniza\u00e7\u00e3o constante na nuvem pode estar a tornar o teu PC lento. Descobre como o cloud sync consome CPU,            <\/p>\n<p>            <a class=\"element element_3  read_more \" target=\"\" href=\"https:\/\/androidgeek.pt\/impacto-sincronizacao-nuvem-desempenho-pc-2026\" rel=\"nofollow noopener\"><\/p>\n<p>\n        A Oppo lan\u00e7ou o novo Pad Air5, um tablet com ecr\u00e3 de 12,1 polegadas, bateria de 10.050mAh e chip Dimensity            <\/p>\n<p>            <a class=\"element element_3  read_more \" target=\"\" href=\"https:\/\/androidgeek.pt\/oppo-pad-air5-lancamento-tablet-estudantes-2026\" rel=\"nofollow noopener\"><\/p>\n<p>\n        O Redmi Turbo 5 promete revolucionar com uma bateria de 9000mAh e carregamento de 100W. Conhece os detalhes deste novo            <\/p>\n<p>            <a class=\"element element_3  read_more \" target=\"\" href=\"https:\/\/androidgeek.pt\/xiaomi-redmi-turbo-5-bateria-9000mah-especificacoes\" rel=\"nofollow noopener\"><\/p>\n<p><script async src=\"https:\/\/platform.twitter.com\/widgets.js\" charset=\"utf-8\"><\/script><\/p>\n","protected":false},"excerpt":{"rendered":"A Samsung parece ter finalmente ouvido as preces dos criadores de conte\u00fado que, embora apreciem a nitidez extrema&hellip;\n","protected":false},"author":2,"featured_media":211413,"comment_status":"","ping_status":"","sticky":false,"template":"","format":"standard","meta":{"footnotes":""},"categories":[84],"tags":[109,107,108,32,33,105,103,104,106,110],"class_list":{"0":"post-211412","1":"post","2":"type-post","3":"status-publish","4":"format-standard","5":"has-post-thumbnail","7":"category-ciencia-e-tecnologia","8":"tag-ciencia","9":"tag-ciencia-e-tecnologia","10":"tag-cienciaetecnologia","11":"tag-portugal","12":"tag-pt","13":"tag-science","14":"tag-science-and-technology","15":"tag-scienceandtechnology","16":"tag-technology","17":"tag-tecnologia"},"share_on_mastodon":{"url":"https:\/\/pubeurope.com\/@pt\/115823432880184553","error":""},"_links":{"self":[{"href":"https:\/\/www.europesays.com\/pt\/wp-json\/wp\/v2\/posts\/211412","targetHints":{"allow":["GET"]}}],"collection":[{"href":"https:\/\/www.europesays.com\/pt\/wp-json\/wp\/v2\/posts"}],"about":[{"href":"https:\/\/www.europesays.com\/pt\/wp-json\/wp\/v2\/types\/post"}],"author":[{"embeddable":true,"href":"https:\/\/www.europesays.com\/pt\/wp-json\/wp\/v2\/users\/2"}],"replies":[{"embeddable":true,"href":"https:\/\/www.europesays.com\/pt\/wp-json\/wp\/v2\/comments?post=211412"}],"version-history":[{"count":0,"href":"https:\/\/www.europesays.com\/pt\/wp-json\/wp\/v2\/posts\/211412\/revisions"}],"wp:featuredmedia":[{"embeddable":true,"href":"https:\/\/www.europesays.com\/pt\/wp-json\/wp\/v2\/media\/211413"}],"wp:attachment":[{"href":"https:\/\/www.europesays.com\/pt\/wp-json\/wp\/v2\/media?parent=211412"}],"wp:term":[{"taxonomy":"category","embeddable":true,"href":"https:\/\/www.europesays.com\/pt\/wp-json\/wp\/v2\/categories?post=211412"},{"taxonomy":"post_tag","embeddable":true,"href":"https:\/\/www.europesays.com\/pt\/wp-json\/wp\/v2\/tags?post=211412"}],"curies":[{"name":"wp","href":"https:\/\/api.w.org\/{rel}","templated":true}]}}