{"id":211424,"date":"2026-01-02T03:59:09","date_gmt":"2026-01-02T03:59:09","guid":{"rendered":"https:\/\/www.europesays.com\/pt\/211424\/"},"modified":"2026-01-02T03:59:09","modified_gmt":"2026-01-02T03:59:09","slug":"joana-darc-sofre-de-doenca-incapacitante-e-muito-complicada-da-muita-dor","status":"publish","type":"post","link":"https:\/\/www.europesays.com\/pt\/211424\/","title":{"rendered":"Joana D&#8217;Arc sofre de doen\u00e7a incapacitante e &#8220;muito complicada&#8221;: &#8220;D\u00e1 muita dor&#8221;"},"content":{"rendered":"<p>Joana D&#8217;Arc, apresentada como concorrente da terceira edi\u00e7\u00e3o de &#8220;<a href=\"https:\/\/tvi.iol.pt\/primeiracompanhia\/\" target=\"_blank\" rel=\"nofollow noopener\">1.\u00aa Companhia<\/a>&#8220;, tinha apenas 16 anos quando se confrontou com os primeiros sintomas. Ao fim de um ano, surgiu o diagn\u00f3stico: a cantora sofre de artrite reumat\u00f3ide.<\/p>\n<p>No ver\u00e3o de 2024, Joana D&#8217;Arc falou abertamente sobre a doen\u00e7a, em entrevista a <a href=\"https:\/\/selfie.iol.pt\/famosos\/manuel-luis-goucha\/manuel-luis-goucha-partilha-novidade-vamos-comecar-no-proximo-sabado\/20261230\/6953be4fd34e2bd5c6d5a4f8\" target=\"_blank\" rel=\"nofollow noopener\">Manuel Lu\u00eds Goucha<\/a>, no extinto vespertino &#8220;Goucha&#8221;:\u00a0&#8220;\u00c9 uma doen\u00e7a muito complicada. Efetivamente, d\u00e1 muita dor, porque as articula\u00e7\u00f5es est\u00e3o sempre muito inflamadas. Estou acompanhada, fa\u00e7o medica\u00e7\u00e3o di\u00e1ria&#8230; \u00c9 uma doen\u00e7a di\u00e1ria, mas \u00e9 uma doen\u00e7a que pode ter algum controlo.&#8221;<\/p>\n<p>A enfrentar uma doen\u00e7a cr\u00f3nica e incapacitante, a agora participante do reality show da <a href=\"https:\/\/tvi.iol.pt\/\" target=\"_blank\" rel=\"nofollow noopener\">TVI<\/a> faz medica\u00e7\u00e3o di\u00e1ria e j\u00e1 colocou v\u00e1rias pr\u00f3teses: &#8220;Tenho pr\u00f3tese na anca, tenho tamb\u00e9m nos dedos das m\u00e3os, o meu p\u00e9 direito n\u00e3o tem praticamente mobilidade alguma.&#8221;<\/p>\n<p>Veja, agora, os v\u00eddeos da entrevista concedida por <a href=\"https:\/\/selfie.iol.pt\/famosos\/maria-botelho-moniz\/famosos-de-varias-areas-conheca-todos-os-concorrentes-de-1-companhia\/20260101\/6957092dd34e3caad84d00af\" target=\"_blank\" rel=\"nofollow noopener\">Joana D&#8217;Arc<\/a>.<\/p>\n","protected":false},"excerpt":{"rendered":"Joana D&#8217;Arc, apresentada como concorrente da terceira edi\u00e7\u00e3o de &#8220;1.\u00aa Companhia&#8220;, tinha apenas 16 anos quando se confrontou&hellip;\n","protected":false},"author":2,"featured_media":211425,"comment_status":"","ping_status":"","sticky":false,"template":"","format":"standard","meta":{"footnotes":""},"categories":[145],"tags":[31659,1640,211,210,328,4357,114,115,980,28348,41441,3416,619,32,33,1012,162],"class_list":{"0":"post-211424","1":"post","2":"type-post","3":"status-publish","4":"format-standard","5":"has-post-thumbnail","7":"category-celebridades","8":"tag-1-a-companhia","9":"tag-cantora","10":"tag-celebridades","11":"tag-celebrities","12":"tag-concorrentes","13":"tag-doenca","14":"tag-entertainment","15":"tag-entretenimento","16":"tag-famosos","17":"tag-goucha","18":"tag-joana-daposarc","19":"tag-manuel-luis-goucha","20":"tag-nacional","21":"tag-portugal","22":"tag-pt","23":"tag-selfie","24":"tag-tvi"},"share_on_mastodon":{"url":"https:\/\/pubeurope.com\/@pt\/115823507108113685","error":""},"_links":{"self":[{"href":"https:\/\/www.europesays.com\/pt\/wp-json\/wp\/v2\/posts\/211424","targetHints":{"allow":["GET"]}}],"collection":[{"href":"https:\/\/www.europesays.com\/pt\/wp-json\/wp\/v2\/posts"}],"about":[{"href":"https:\/\/www.europesays.com\/pt\/wp-json\/wp\/v2\/types\/post"}],"author":[{"embeddable":true,"href":"https:\/\/www.europesays.com\/pt\/wp-json\/wp\/v2\/users\/2"}],"replies":[{"embeddable":true,"href":"https:\/\/www.europesays.com\/pt\/wp-json\/wp\/v2\/comments?post=211424"}],"version-history":[{"count":0,"href":"https:\/\/www.europesays.com\/pt\/wp-json\/wp\/v2\/posts\/211424\/revisions"}],"wp:featuredmedia":[{"embeddable":true,"href":"https:\/\/www.europesays.com\/pt\/wp-json\/wp\/v2\/media\/211425"}],"wp:attachment":[{"href":"https:\/\/www.europesays.com\/pt\/wp-json\/wp\/v2\/media?parent=211424"}],"wp:term":[{"taxonomy":"category","embeddable":true,"href":"https:\/\/www.europesays.com\/pt\/wp-json\/wp\/v2\/categories?post=211424"},{"taxonomy":"post_tag","embeddable":true,"href":"https:\/\/www.europesays.com\/pt\/wp-json\/wp\/v2\/tags?post=211424"}],"curies":[{"name":"wp","href":"https:\/\/api.w.org\/{rel}","templated":true}]}}