{"id":211473,"date":"2026-01-02T05:44:13","date_gmt":"2026-01-02T05:44:13","guid":{"rendered":"https:\/\/www.europesays.com\/pt\/211473\/"},"modified":"2026-01-02T05:44:13","modified_gmt":"2026-01-02T05:44:13","slug":"argentinos-identificam-dois-nomes-de-interesse-para-o-benfica-2","status":"publish","type":"post","link":"https:\/\/www.europesays.com\/pt\/211473\/","title":{"rendered":"Argentinos identificam dois nomes de interesse para o Benfica"},"content":{"rendered":"<p>O mercado de janeiro est\u00e1 a\u00ed e o <a class=\"autolink-enabled\" data-resource-id=\"450\" data-resource-type=\"team\" data-sport=\"football\" href=\"https:\/\/www.abola.pt\/futebol\/benfica-450\" rel=\"nofollow noopener\" target=\"_blank\">Benfica<\/a> entrou em grande, com uma contrata\u00e7\u00e3o confirmada (<a class=\"autolink-enabled\" data-resource-id=\"274806\" data-resource-type=\"player\" data-sport=\"football\" href=\"https:\/\/www.abola.pt\/futebol\/jogador\/sidny-lopes-cabral-274806\" rel=\"nofollow noopener\" target=\"_blank\">Sidny Cabral<\/a>), outra para confirmar (<a class=\"autolink-enabled\" data-resource-id=\"245543\" data-resource-type=\"player\" data-sport=\"football\" href=\"https:\/\/www.abola.pt\/futebol\/jogador\/andre-luiz-245543\" rel=\"nofollow noopener\" target=\"_blank\">Andr\u00e9 Luiz<\/a>) e sinais de poss\u00edvel interesse noutras frentes.<\/p>\n<p>Da Argentina chegam, pois, informa\u00e7\u00f5es de que os encarnados seguem com aten\u00e7\u00e3o dois jovens jogadores, j\u00e1 encarados como promessas seguras.<\/p>\n<p>A publica\u00e7\u00e3o &#8216;El Crack Deportivo&#8217; anuncia pois que o <a class=\"autolink-enabled\" data-resource-id=\"450\" data-resource-type=\"team\" data-sport=\"football\" href=\"https:\/\/www.abola.pt\/futebol\/benfica-450\" rel=\"nofollow noopener\" target=\"_blank\">Benfica<\/a> olha com interesse para <a class=\"autolink-enabled\" data-resource-id=\"301758\" data-resource-type=\"player\" data-sport=\"football\" href=\"https:\/\/www.abola.pt\/futebol\/jogador\/ian-subiabre-301758\" rel=\"nofollow noopener\" target=\"_blank\">Ian Subiabre<\/a>, avan\u00e7ado do River Plate, 19 anos, uma das figuras da sele\u00e7\u00e3o de sub-20 que chegou \u00e0 final do Mundial em 2025 e que contou com grande performance de <a class=\"autolink-enabled\" data-resource-id=\"258465\" data-resource-type=\"player\" data-sport=\"football\" href=\"https:\/\/www.abola.pt\/futebol\/jogador\/prestianni-258465\" rel=\"nofollow noopener\" target=\"_blank\">Prestianni<\/a>. Este jogador \u00e9 j\u00e1 uma presen\u00e7a consolidada na equipa principal do River.<\/p>\n<p>O outro alvo das \u00e1guias apontado pela publica\u00e7\u00e3o \u00e9 o m\u00e9dio Tom\u00e1s Parmo, do Independiente. O jogador tem apenas 17 anos, mas j\u00e1 fez a sua estreia na equipa principal e \u00e9 tamb\u00e9m internacional jovem pela Argentina.<\/p>\n<p>O mercado argentino \u00e9 um fil\u00e3o a que o <a class=\"autolink-enabled\" data-resource-id=\"450\" data-resource-type=\"team\" data-sport=\"football\" href=\"https:\/\/www.abola.pt\/futebol\/benfica-450\" rel=\"nofollow noopener\" target=\"_blank\">Benfica<\/a> recorre praticamente todos os anos e desde cedo as \u00e1guias identificam os jogadores mais interessantes, umas vezes avan\u00e7ando para a a\u00e7\u00e3o, outras vezes ficando apenas com as refer\u00eancias, seguindo o desenvolvimento. Por agora, as not\u00edcias s\u00e3o de que as \u00e1guias t\u00eam estes dois nomes na agenda, mas ainda sem sinal de negocia\u00e7\u00f5es.<\/p>\n","protected":false},"excerpt":{"rendered":"O mercado de janeiro est\u00e1 a\u00ed e o Benfica entrou em grande, com uma contrata\u00e7\u00e3o confirmada (Sidny Cabral),&hellip;\n","protected":false},"author":2,"featured_media":211474,"comment_status":"","ping_status":"","sticky":false,"template":"","format":"standard","meta":{"footnotes":""},"categories":[87],"tags":[135,32,33,134],"class_list":{"0":"post-211473","1":"post","2":"type-post","3":"status-publish","4":"format-standard","5":"has-post-thumbnail","7":"category-desporto","8":"tag-desporto","9":"tag-portugal","10":"tag-pt","11":"tag-sports"},"share_on_mastodon":{"url":"https:\/\/pubeurope.com\/@pt\/115823920086351820","error":""},"_links":{"self":[{"href":"https:\/\/www.europesays.com\/pt\/wp-json\/wp\/v2\/posts\/211473","targetHints":{"allow":["GET"]}}],"collection":[{"href":"https:\/\/www.europesays.com\/pt\/wp-json\/wp\/v2\/posts"}],"about":[{"href":"https:\/\/www.europesays.com\/pt\/wp-json\/wp\/v2\/types\/post"}],"author":[{"embeddable":true,"href":"https:\/\/www.europesays.com\/pt\/wp-json\/wp\/v2\/users\/2"}],"replies":[{"embeddable":true,"href":"https:\/\/www.europesays.com\/pt\/wp-json\/wp\/v2\/comments?post=211473"}],"version-history":[{"count":0,"href":"https:\/\/www.europesays.com\/pt\/wp-json\/wp\/v2\/posts\/211473\/revisions"}],"wp:featuredmedia":[{"embeddable":true,"href":"https:\/\/www.europesays.com\/pt\/wp-json\/wp\/v2\/media\/211474"}],"wp:attachment":[{"href":"https:\/\/www.europesays.com\/pt\/wp-json\/wp\/v2\/media?parent=211473"}],"wp:term":[{"taxonomy":"category","embeddable":true,"href":"https:\/\/www.europesays.com\/pt\/wp-json\/wp\/v2\/categories?post=211473"},{"taxonomy":"post_tag","embeddable":true,"href":"https:\/\/www.europesays.com\/pt\/wp-json\/wp\/v2\/tags?post=211473"}],"curies":[{"name":"wp","href":"https:\/\/api.w.org\/{rel}","templated":true}]}}