{"id":211497,"date":"2026-01-02T06:32:08","date_gmt":"2026-01-02T06:32:08","guid":{"rendered":"https:\/\/www.europesays.com\/pt\/211497\/"},"modified":"2026-01-02T06:32:08","modified_gmt":"2026-01-02T06:32:08","slug":"novo-ano-novas-regras-ao-volante-conheca-as-mudancas-na-carta-de-conducao-que-ja-estao-em-vigor-na-uniao-europeia","status":"publish","type":"post","link":"https:\/\/www.europesays.com\/pt\/211497\/","title":{"rendered":"Novo ano, novas regras ao volante: conhe\u00e7a as mudan\u00e7as na carta de condu\u00e7\u00e3o que j\u00e1 est\u00e3o em vigor na Uni\u00e3o Europeia"},"content":{"rendered":"<p><strong>O in\u00edcio de um novo ano costuma trazer resolu\u00e7\u00f5es, mudan\u00e7as de h\u00e1bitos e, por vezes, novas regras. No tr\u00e2nsito, h\u00e1 um tema que come\u00e7a a ganhar destaque: a Uni\u00e3o Europeia (UE) j\u00e1 tem em vigor (no plano jur\u00eddico) um novo pacote para modernizar as cartas de condu\u00e7\u00e3o e refor\u00e7ar a seguran\u00e7a rodovi\u00e1ria, mas h\u00e1 um detalhe essencial que muitos condutores ignoram: a maior parte das mudan\u00e7as s\u00f3 passa a aplicar-se no dia\u2011a\u2011dia quando cada Estado\u2011Membro transpor as regras para a sua legisla\u00e7\u00e3o nacional. <\/strong><\/p>\n<p>As novas diretivas europeias sobre cartas de condu\u00e7\u00e3o e reconhecimento transfronteiri\u00e7o de inibi\u00e7\u00f5es\/suspens\u00f5es foram publicadas no Jornal Oficial da Uni\u00e3o Europeia a 5 de novembro de 2025 e entraram em vigor a 25 de novembro de 2025. <\/p>\n<p>A Comiss\u00e3o Europeia sublinha que a legisla\u00e7\u00e3o est\u00e1 em vigor, mas s\u00f3 se torna aplic\u00e1vel nos Estados\u2011Membros ap\u00f3s transposi\u00e7\u00e3o, em regra em quatro anos, com exce\u00e7\u00f5es em mat\u00e9rias espec\u00edficas (por exemplo, regras sobre certos ve\u00edculos e condu\u00e7\u00e3o acompanhada com calend\u00e1rios mais curtos).<\/p>\n<p><strong>Conduzir aos 17 anos: vai existir, mas n\u00e3o \u00e9 autom\u00e1tico em 2026<\/strong><\/p>\n<p>Uma das mudan\u00e7as mais faladas \u00e9 a condu\u00e7\u00e3o acompanhada aos 17 anos para autom\u00f3veis ligeiros (categoria B): o modelo prev\u00ea que o jovem possa conduzir desde que acompanhado por um condutor experiente at\u00e9 atingir os 18. <\/p>\n<p>O ponto cr\u00edtico \u00e9 o calend\u00e1rio: isto n\u00e3o significa que, em Portugal, \u201cj\u00e1\u201d se possa tirar a carta B aos 17 em 2026. At\u00e9 haver altera\u00e7\u00f5es na lei nacional, mant\u00e9m-se o regime atual e, no portal oficial do Estado, o servi\u00e7o \u201cTirar a carta de condu\u00e7\u00e3o\u201d continua a indicar como requisito ter mais de 18 anos. <\/p>\n<p>Outra mudan\u00e7a estrutural \u00e9 a carta de condu\u00e7\u00e3o digital, pensada para ser utilizada no telem\u00f3vel (ou outro dispositivo digital) e emitida na EU Digital Identity Wallet. A Comiss\u00e3o refere que, ap\u00f3s um breve per\u00edodo de transi\u00e7\u00e3o, a carta digital dever\u00e1 ser emitida por defeito, mantendo-se a possibilidade de pedir uma carta f\u00edsica. <\/p>\n<p>O Parlamento Europeu descreve esta evolu\u00e7\u00e3o como gradual: a carta digital \u00e9 destinada a tornar-se progressivamente o formato principal na UE, sem eliminar o cart\u00e3o f\u00edsico para quem o quiser. <\/p>\n<p><strong>Per\u00edodo probat\u00f3rio m\u00ednimo de 2 anos para rec\u00e9m-encartados<\/strong><\/p>\n<p>As novas regras preveem, \u00e0 escala europeia, um per\u00edodo probat\u00f3rio de pelo menos dois anos para novos condutores, com regimes mais exigentes e san\u00e7\u00f5es mais pesadas em comportamentos de risco. <\/p>\n<p>Outra altera\u00e7\u00e3o relevante \u00e9 o refor\u00e7o do efeito transfronteiri\u00e7o das san\u00e7\u00f5es mais graves: quando houver retirada, suspens\u00e3o ou restri\u00e7\u00e3o do direito de conduzir num pa\u00eds da UE, essa decis\u00e3o deve ser comunicada ao Estado\u2011Membro que emitiu a carta para garantir execu\u00e7\u00e3o e evitar \u201cfugas\u201d a penaliza\u00e7\u00f5es. <\/p>\n<p>Segundo a Comiss\u00e3o Europeia, este mecanismo aplica-se a infra\u00e7\u00f5es graves (por exemplo, excesso de velocidade muito elevado, condu\u00e7\u00e3o sob influ\u00eancia e situa\u00e7\u00f5es com morte ou ferimentos graves por condu\u00e7\u00e3o imprudente). <\/p>\n<p>Para responder \u00e0 falta de motoristas, as regras europeias apontam para a possibilidade de obter:<\/p>\n<ul class=\"wp-block-list\">\n<li>carta de cami\u00e3o (categoria C) aos 18 anos e<\/li>\n<li>carta de autocarro (categoria D) aos 21 anos,<br \/>desde que o condutor tenha o certificado de aptid\u00e3o\/compet\u00eancia profissional; sem isso, mant\u00eam-se idades mais altas. <\/li>\n<\/ul>\n<p><strong>Exames e forma\u00e7\u00e3o: novos riscos da condu\u00e7\u00e3o moderna<\/strong><\/p>\n<p>A UE quer que a forma\u00e7\u00e3o e os exames reflictam os riscos atuais: \u00e2ngulo morto, sistemas de assist\u00eancia \u00e0 condu\u00e7\u00e3o, abertura segura de portas e distra\u00e7\u00f5es com telem\u00f3vel, com maior foco na seguran\u00e7a de pe\u00f5es, ciclistas e outros utilizadores vulner\u00e1veis. <\/p>\n<p>A <a href=\"https:\/\/commission.europa.eu\/index_pt\" target=\"_blank\" rel=\"noreferrer noopener nofollow\">Comiss\u00e3o Europeia<\/a> enquadra estas mudan\u00e7as no objetivo \u201cVision Zero\u201d e recorda que em 2024 morreram 19.940 pessoas nas estradas da UE. <\/p>\n<p><strong>O que muda, afinal, para quem conduz em Portugal em 2026<\/strong><\/p>\n<p>Em termos pr\u00e1ticos, 2026 \u00e9 sobretudo um ano de transi\u00e7\u00e3o: o quadro europeu j\u00e1 est\u00e1 em vigor, mas a aplica\u00e7\u00e3o depende de altera\u00e7\u00f5es na legisla\u00e7\u00e3o nacional. At\u00e9 l\u00e1, os condutores devem seguir as regras portuguesas em vigor e, no caso da idade m\u00ednima para tirar a carta, o portal oficial do Estado continua a apontar para os 18 anos. <\/p>\n<p><strong>Leia tamb\u00e9m: <a href=\"https:\/\/postal.pt\/auto\/adeus-carta-de-conducao-todos-os-condutores-a-partir-desta-idade-podem-ficar-sem-ela-se-chumbarem-neste-teste-obrigatorio\/\" rel=\"nofollow noopener\" target=\"_blank\">Adeus carta de condu\u00e7\u00e3o? Todos os condutores a partir desta idade podem ficar sem ela se n\u00e3o passarem neste teste obrigat\u00f3rio<\/a><\/strong><\/p>\n","protected":false},"excerpt":{"rendered":"O in\u00edcio de um novo ano costuma trazer resolu\u00e7\u00f5es, mudan\u00e7as de h\u00e1bitos e, por vezes, novas regras. No&hellip;\n","protected":false},"author":2,"featured_media":139090,"comment_status":"","ping_status":"","sticky":false,"template":"","format":"standard","meta":{"footnotes":""},"categories":[10],"tags":[27,28,15,16,14,25,26,21,22,12,13,19,20,32,23,24,33,17,18,29,30,31],"class_list":{"0":"post-211497","1":"post","2":"type-post","3":"status-publish","4":"format-standard","5":"has-post-thumbnail","7":"category-portugal","8":"tag-breaking-news","9":"tag-breakingnews","10":"tag-featured-news","11":"tag-featurednews","12":"tag-headlines","13":"tag-latest-news","14":"tag-latestnews","15":"tag-main-news","16":"tag-mainnews","17":"tag-news","18":"tag-noticias","19":"tag-noticias-principais","20":"tag-noticiasprincipais","21":"tag-portugal","22":"tag-principais-noticias","23":"tag-principaisnoticias","24":"tag-pt","25":"tag-top-stories","26":"tag-topstories","27":"tag-ultimas","28":"tag-ultimas-noticias","29":"tag-ultimasnoticias"},"share_on_mastodon":{"url":"https:\/\/pubeurope.com\/@pt\/115824108678047745","error":""},"_links":{"self":[{"href":"https:\/\/www.europesays.com\/pt\/wp-json\/wp\/v2\/posts\/211497","targetHints":{"allow":["GET"]}}],"collection":[{"href":"https:\/\/www.europesays.com\/pt\/wp-json\/wp\/v2\/posts"}],"about":[{"href":"https:\/\/www.europesays.com\/pt\/wp-json\/wp\/v2\/types\/post"}],"author":[{"embeddable":true,"href":"https:\/\/www.europesays.com\/pt\/wp-json\/wp\/v2\/users\/2"}],"replies":[{"embeddable":true,"href":"https:\/\/www.europesays.com\/pt\/wp-json\/wp\/v2\/comments?post=211497"}],"version-history":[{"count":0,"href":"https:\/\/www.europesays.com\/pt\/wp-json\/wp\/v2\/posts\/211497\/revisions"}],"wp:featuredmedia":[{"embeddable":true,"href":"https:\/\/www.europesays.com\/pt\/wp-json\/wp\/v2\/media\/139090"}],"wp:attachment":[{"href":"https:\/\/www.europesays.com\/pt\/wp-json\/wp\/v2\/media?parent=211497"}],"wp:term":[{"taxonomy":"category","embeddable":true,"href":"https:\/\/www.europesays.com\/pt\/wp-json\/wp\/v2\/categories?post=211497"},{"taxonomy":"post_tag","embeddable":true,"href":"https:\/\/www.europesays.com\/pt\/wp-json\/wp\/v2\/tags?post=211497"}],"curies":[{"name":"wp","href":"https:\/\/api.w.org\/{rel}","templated":true}]}}