{"id":211557,"date":"2026-01-02T07:57:17","date_gmt":"2026-01-02T07:57:17","guid":{"rendered":"https:\/\/www.europesays.com\/pt\/211557\/"},"modified":"2026-01-02T07:57:17","modified_gmt":"2026-01-02T07:57:17","slug":"querem-ficar-na-historia-do-sporting-de-forma-ainda-mais-vincada-conta-rui-borges","status":"publish","type":"post","link":"https:\/\/www.europesays.com\/pt\/211557\/","title":{"rendered":"\u00abQuerem ficar na hist\u00f3ria do Sporting de forma ainda mais vincada\u00bb, conta Rui Borges"},"content":{"rendered":"<p>O novo ano entra e o <a class=\"autolink-enabled\" data-resource-id=\"448\" data-resource-type=\"team\" data-sport=\"football\" href=\"https:\/\/www.abola.pt\/futebol\/sporting-448\" rel=\"nofollow noopener\" target=\"_blank\">Sporting<\/a> joga j\u00e1 esta sexta-feira, dia 2, com o <a class=\"autolink-enabled\" data-resource-id=\"447\" data-resource-type=\"team\" data-sport=\"football\" href=\"https:\/\/www.abola.pt\/futebol\/gil-vicente-447\" rel=\"nofollow noopener\" target=\"_blank\">Gil Vicente<\/a> para o campeonato. Depois h\u00e1 Ta\u00e7a da Liga e mais \u00e0 frente <a class=\"autolink-enabled\" data-resource-id=\"27\" data-resource-type=\"competition\" data-sport=\"football\" href=\"https:\/\/www.abola.pt\/futebol\/competicao\/uefa-champions-league-27\" rel=\"nofollow noopener\" target=\"_blank\">Champions<\/a> e <a class=\"autolink-enabled\" data-resource-id=\"112\" data-resource-type=\"competition\" data-sport=\"football\" href=\"https:\/\/www.abola.pt\/futebol\/competicao\/taca-de-portugal-112\" rel=\"nofollow noopener\" target=\"_blank\">Ta\u00e7a de Portugal<\/a>. Muitas competi\u00e7\u00f5es pela frente, ambi\u00e7\u00e3o de vit\u00f3ria. Em entrevista \u00e0 <a class=\"autolink-enabled\" data-resource-id=\"448\" data-resource-type=\"team\" data-sport=\"football\" href=\"https:\/\/www.abola.pt\/futebol\/sporting-448\" rel=\"nofollow noopener\" target=\"_blank\">Sporting<\/a> TV, Rui Borges respondeu \u00e0 pergunta se est\u00e1 convicto de que vai ser feliz no final da \u00e9poca.<\/p>\n<p>\u00abMuito. At\u00e9 porque o grupo transpira isso para fora, demonstra isso\u00bb, garantiu o treinador dos verdes e brancos, reconhecendo que a palavra tricampeonato \u00abclaramente \u00e9 algo que tem de estar\u00bb nas entrevistas que os jogadores t\u00eam dado.<\/p>\n<p>\u00abO objetivo tem de estar l\u00e1. Porque se n\u00e3o fal\u00e1ssemos era sinal de que n\u00e3o est\u00e1vamos t\u00e3o ligados. E eu acho que isso demonstra bem aquilo que \u00e9 a equipa. Os jogadores est\u00e3o todos ligados num objetivo\u00bb, acrescentou o t\u00e9cnico, que completou: \u00abEles querem muito, n\u00f3s queremos muito, isso \u00e9 claro. E o discurso deles a mim transmite-me isso, que est\u00e3o obcecados, digamos, \u00e0 procura de&#8230; fazer hist\u00f3ria. De fazer hist\u00f3ria, de continuar a fazer hist\u00f3ria. Querem muito ficar na hist\u00f3ria do <a class=\"autolink-enabled\" data-resource-id=\"448\" data-resource-type=\"team\" data-sport=\"football\" href=\"https:\/\/www.abola.pt\/futebol\/sporting-448\" rel=\"nofollow noopener\" target=\"_blank\">Sporting<\/a> de forma ainda mais vincada.\u00bb<\/p>\n<p>E como \u00e9 que se gere um plantel em todas estas frentes?<\/p>\n<p>\u00abTemos conseguido. Sou um treinador que acredita sempre em todos, muito. Acho que tenho demonstrado isso. Agora, eles tamb\u00e9m t\u00eam de dar resposta. E eles t\u00eam dado essa resposta. Por isso, todos t\u00eam tido as oportunidades, todos t\u00eam correspondido e muito bem. E isso, volto a dizer, demonstra ainda mais, ou novamente, aquilo que \u00e9 a for\u00e7a deste grupo, a for\u00e7a desta equipa. A amizade e a entreajuda que existe diariamente neste balne\u00e1rio. Porque \u00e9 enorme, \u00e9 especial, \u00e9 diferente. Sentimos isso. Para mim \u00e9 f\u00e1cil porque eu sinto todos os dias na Academia e sinto isso de forma geral tamb\u00e9m\u00bb, contou Rui Borges.<\/p>\n<p>Ainda sobre o trema, o treinador completou: \u00ab\u00c9 um sentimento, acima de tudo, de humildade e de entreajuda muito grande. Acho que ningu\u00e9m se acha melhor do que ningu\u00e9m, ningu\u00e9m se acha diferente de ningu\u00e9m. Toda a gente sabe que \u00e9 importante, toda a gente sente que \u00e9 importante, toda a gente acredita uns nos outros, n\u00e3o desconfia de ningu\u00e9m, rev\u00ea qualidade uns nos outros e isso \u00e9 a melhor forma de um grupo ser vencedor.\u00bb<\/p>\n<p>\u00c9 ent\u00e3o por isso, segundo Rui Borges, \u00abque \u00e9 um grupo que tem ganho tanto e que vai continuar a ganhar\u00bb. \u00abQuer continuar a ganhar e quer continuar a ganhar muito. E isso \u00e9 demonstrativo no discurso deles e nosso.\u00bb<\/p>\n","protected":false},"excerpt":{"rendered":"O novo ano entra e o Sporting joga j\u00e1 esta sexta-feira, dia 2, com o Gil Vicente para&hellip;\n","protected":false},"author":2,"featured_media":211558,"comment_status":"","ping_status":"","sticky":false,"template":"","format":"standard","meta":{"footnotes":""},"categories":[8],"tags":[27,28,15,16,14,25,26,21,22,12,13,19,20,32,23,24,33,17,18,29,30,31],"class_list":{"0":"post-211557","1":"post","2":"type-post","3":"status-publish","4":"format-standard","5":"has-post-thumbnail","7":"category-principais-noticias","8":"tag-breaking-news","9":"tag-breakingnews","10":"tag-featured-news","11":"tag-featurednews","12":"tag-headlines","13":"tag-latest-news","14":"tag-latestnews","15":"tag-main-news","16":"tag-mainnews","17":"tag-news","18":"tag-noticias","19":"tag-noticias-principais","20":"tag-noticiasprincipais","21":"tag-portugal","22":"tag-principais-noticias","23":"tag-principaisnoticias","24":"tag-pt","25":"tag-top-stories","26":"tag-topstories","27":"tag-ultimas","28":"tag-ultimas-noticias","29":"tag-ultimasnoticias"},"share_on_mastodon":{"url":"https:\/\/pubeurope.com\/@pt\/115824442933904403","error":""},"_links":{"self":[{"href":"https:\/\/www.europesays.com\/pt\/wp-json\/wp\/v2\/posts\/211557","targetHints":{"allow":["GET"]}}],"collection":[{"href":"https:\/\/www.europesays.com\/pt\/wp-json\/wp\/v2\/posts"}],"about":[{"href":"https:\/\/www.europesays.com\/pt\/wp-json\/wp\/v2\/types\/post"}],"author":[{"embeddable":true,"href":"https:\/\/www.europesays.com\/pt\/wp-json\/wp\/v2\/users\/2"}],"replies":[{"embeddable":true,"href":"https:\/\/www.europesays.com\/pt\/wp-json\/wp\/v2\/comments?post=211557"}],"version-history":[{"count":0,"href":"https:\/\/www.europesays.com\/pt\/wp-json\/wp\/v2\/posts\/211557\/revisions"}],"wp:featuredmedia":[{"embeddable":true,"href":"https:\/\/www.europesays.com\/pt\/wp-json\/wp\/v2\/media\/211558"}],"wp:attachment":[{"href":"https:\/\/www.europesays.com\/pt\/wp-json\/wp\/v2\/media?parent=211557"}],"wp:term":[{"taxonomy":"category","embeddable":true,"href":"https:\/\/www.europesays.com\/pt\/wp-json\/wp\/v2\/categories?post=211557"},{"taxonomy":"post_tag","embeddable":true,"href":"https:\/\/www.europesays.com\/pt\/wp-json\/wp\/v2\/tags?post=211557"}],"curies":[{"name":"wp","href":"https:\/\/api.w.org\/{rel}","templated":true}]}}