{"id":211597,"date":"2026-01-02T08:49:07","date_gmt":"2026-01-02T08:49:07","guid":{"rendered":"https:\/\/www.europesays.com\/pt\/211597\/"},"modified":"2026-01-02T08:49:07","modified_gmt":"2026-01-02T08:49:07","slug":"apple-reduz-producao-do-headset-vision-pro-valor-economico","status":"publish","type":"post","link":"https:\/\/www.europesays.com\/pt\/211597\/","title":{"rendered":"Apple reduz produ\u00e7\u00e3o do \u2018headset\u2019 Vision Pro &#8211; Valor Econ\u00f4mico"},"content":{"rendered":"<ol>\n<li><a href=\"https:\/\/news.google.com\/rss\/articles\/CBMiogFBVV95cUxQVmFPTG5nTHFSOHBIMGE1RzAwMmdWeTlQRkRWT2hobExHalFvRnVXTVNlcHpnN2wwQ0REZUtCRmI4NUxld0hpR2licjJxcHZPYjRjTU95QTBtYTNyQ1VZWWhDbktkNll3R0N0dWVkbWRVZ0o0OHZRdkVJOE1pc255Y1dEVGo0bzRrRWFFZTVfaXRBWVhSNWxvQ1ZJRUkxQW1zOVE?oc=5\" target=\"_blank\" rel=\"nofollow noopener\">Apple reduz produ\u00e7\u00e3o do \u2018headset\u2019 Vision Pro<\/a>&nbsp;&nbsp;Valor Econ\u00f4mico<\/li>\n<li><a href=\"https:\/\/news.google.com\/rss\/articles\/CBMiuAFBVV95cUxQSTlJTEhGb0QwcmRpSHpIaWlvSDdNc3Jaay14bk9jblhBdFJXRzdDdDJjNGFlRWRPbTJSdEU4cEJWOTlTTTB1LTV0LVlabHBtY2U1WXNrelBNSVhUSzJTZGNIT1ZEcDRFZzNKNkFieVNNR1RfeGNXVTRIYkFsVzNDY1JvRUQyUkJsRjduS2hFS1hPNW0yRGxuRnI1eFR6NHFzUlZkdFNZR21OQy1VSWxvMUVMUjk5WVJn0gG-AUFVX3lxTFBUT0JqZWczdFRJZVJ5R3NpbjdFaXRxNjlkOFJ5ZW1OMmZTcGRzcXRGV2RNRjlYTkEwTGIzMjdTNDZ3eFVtcTdraTNrUk1yekxkWHRVZ2x5UE5tdFh4WURqUDFwZHFmS3FOTVMyWHZ4U3ZlZG82dFFkcUxVZEpvbk84WmtPUHducTBYYnNvSTVkbWVMOF92N3UxY0pIdnFMZ05CbERwM1FHQXJMSnNKT2t4R0ZNUHB1TWpWVjM0enc?oc=5\" target=\"_blank\" rel=\"nofollow noopener\">Apple reduz produ\u00e7\u00e3o e marketing do Vision Pro ap\u00f3s vendas fracas<\/a>&nbsp;&nbsp;Folha de S.Paulo<\/li>\n<li><a href=\"https:\/\/news.google.com\/rss\/articles\/CBMiqwFBVV95cUxQcTh5b0FSbk9Vc1NSdXR3SGtpWDJfVWh6UVhrOUNJcDQxU29UVzJEdGIyMW95Mzloa1JmNXdlX0hOd2JWT3JKZkF6OXJDSmZneGZMTEVFN1RMdC1ndEwyRUs1aTA3am9rZG84V0RrczVjTzBmV0JjUjBxMmk3ZnpQVzdmWllUTUw5YVhIbHpUQjVXekx2ZDVMWjZOLTNnNE5qS1EwRU5FejhleHM?oc=5\" target=\"_blank\" rel=\"nofollow noopener\">Fim do hype? Apple reduz publicidade do Vision Pro ap\u00f3s decl\u00ednio acentuado em 2025<\/a>&nbsp;&nbsp;TudoCelular.com<\/li>\n<li><a href=\"https:\/\/news.google.com\/rss\/articles\/CBMirwFBVV95cUxOR25tckVYOUh3RTdYbVBaZjhCVEUtZTh0bkJQUjZWeVNCdzk5ZGRWYl9xek5ZUENxWHFXaS0xeDBGTnBULXVDQzZEb0o3SlJzMW12bUJINFNLZ01UTGtGb2Jna3pKclUzWmJaaFZ5Q2lyd2J0Z0h0NmxNdEZQVkZDZ1h5cVNERmh6bU9UaC12aUY4YUxkeXhIQmhsWUszSGk4dG9DMjJYQmtiZFVkOTNv0gG3AUFVX3lxTE0tWFhMU3dRUHdyMFVzRlBWZ3VoNFczTWEwYXNPRzN4emNlZGZ0cy1fWHRzeXBuckltYXVHRWFPcUdUS3hmWmJwZVluYjM3YjlpQWYzZEdrZXdualdKRHJCdUlxdG5Ib3kzMjRvQkM4WWd1dVZ5MjIzd081dENkclMxOHROVzFRTUFFZW4wQlpqN0RHc0V0bFZUYklnUGN5UUVjaFhobGc0UmVReWNhSGl4djNMQkw2bw?oc=5\" target=\"_blank\" rel=\"nofollow noopener\">Apple Vision Pro e a nova narrativa imersiva: uma revolu\u00e7\u00e3o no entretenimento<\/a>&nbsp;&nbsp;Blog do Edivaldo<\/li>\n<li><a href=\"https:\/\/news.google.com\/rss\/articles\/CBMi2AFBVV95cUxPTmJadlZtMUs5Y2NYZVRrY0VSSlB0Z2dKRldXODNQa1lmZnV4ZGJYSkdNVmlfeHZVUnlTUGNWSEN0a2hTSnZFVndmRXJrbGJfbGRrV21xbUpKcm42ZnowaWhwRGlWWjFUU3RxTS1zLUpDa2tFeDAzdHdlbUJKWFhadDBaZEN5a2VSNGpVdDVmbzI1VkU2d1BQQkZXaVJWajl4eHpINnlUMXJSelZIUVYzSXlod21DS19GaEpVdjVkNDZoNXB4QmVHRHN3NHp0bGI1V3BkUjhVb0w?oc=5\" target=\"_blank\" rel=\"nofollow noopener\">A Apple supostamente interrompe a produ\u00e7\u00e3o do fone de ouvido Vision Pro ap\u00f3s vendas fracas | Ma\u00e7\u00e3<\/a>&nbsp;&nbsp;segundabase.com.br<\/li>\n<\/ol>\n","protected":false},"excerpt":{"rendered":"Apple reduz produ\u00e7\u00e3o do \u2018headset\u2019 Vision Pro&nbsp;&nbsp;Valor Econ\u00f4mico Apple reduz produ\u00e7\u00e3o e marketing do Vision Pro ap\u00f3s vendas&hellip;\n","protected":false},"author":2,"featured_media":30207,"comment_status":"","ping_status":"","sticky":false,"template":"","format":"standard","meta":{"footnotes":""},"categories":[84],"tags":[247,109,107,108,235,41463,249,32,41464,33,713,105,103,104,106,110],"class_list":{"0":"post-211597","1":"post","2":"type-post","3":"status-publish","4":"format-standard","5":"has-post-thumbnail","7":"category-ciencia-e-tecnologia","8":"tag-apple","9":"tag-ciencia","10":"tag-ciencia-e-tecnologia","11":"tag-cienciaetecnologia","12":"tag-estados-unidos","13":"tag-idc-international-data-corporation","14":"tag-iphone","15":"tag-portugal","16":"tag-propagandas-publicitarias","17":"tag-pt","18":"tag-reino-unido","19":"tag-science","20":"tag-science-and-technology","21":"tag-scienceandtechnology","22":"tag-technology","23":"tag-tecnologia"},"share_on_mastodon":{"url":"https:\/\/pubeurope.com\/@pt\/115824647382277065","error":""},"_links":{"self":[{"href":"https:\/\/www.europesays.com\/pt\/wp-json\/wp\/v2\/posts\/211597","targetHints":{"allow":["GET"]}}],"collection":[{"href":"https:\/\/www.europesays.com\/pt\/wp-json\/wp\/v2\/posts"}],"about":[{"href":"https:\/\/www.europesays.com\/pt\/wp-json\/wp\/v2\/types\/post"}],"author":[{"embeddable":true,"href":"https:\/\/www.europesays.com\/pt\/wp-json\/wp\/v2\/users\/2"}],"replies":[{"embeddable":true,"href":"https:\/\/www.europesays.com\/pt\/wp-json\/wp\/v2\/comments?post=211597"}],"version-history":[{"count":0,"href":"https:\/\/www.europesays.com\/pt\/wp-json\/wp\/v2\/posts\/211597\/revisions"}],"wp:featuredmedia":[{"embeddable":true,"href":"https:\/\/www.europesays.com\/pt\/wp-json\/wp\/v2\/media\/30207"}],"wp:attachment":[{"href":"https:\/\/www.europesays.com\/pt\/wp-json\/wp\/v2\/media?parent=211597"}],"wp:term":[{"taxonomy":"category","embeddable":true,"href":"https:\/\/www.europesays.com\/pt\/wp-json\/wp\/v2\/categories?post=211597"},{"taxonomy":"post_tag","embeddable":true,"href":"https:\/\/www.europesays.com\/pt\/wp-json\/wp\/v2\/tags?post=211597"}],"curies":[{"name":"wp","href":"https:\/\/api.w.org\/{rel}","templated":true}]}}