{"id":211676,"date":"2026-01-02T10:21:14","date_gmt":"2026-01-02T10:21:14","guid":{"rendered":"https:\/\/www.europesays.com\/pt\/211676\/"},"modified":"2026-01-02T10:21:14","modified_gmt":"2026-01-02T10:21:14","slug":"40-anos-depois-marcelo-diz-que-integracao-de-portugal-na-ue-foi-uma-das-grandes-conquistas-do-25-de-abril","status":"publish","type":"post","link":"https:\/\/www.europesays.com\/pt\/211676\/","title":{"rendered":"40 anos depois, Marcelo diz que integra\u00e7\u00e3o de Portugal na UE foi \u201cuma das grandes conquistas do 25 de Abril\u201d"},"content":{"rendered":"<p>Marcelo Rebelo de Sousa assinala os 40 anos da ades\u00e3o de Portugal \u00e0 ent\u00e3o Comunidade Econ\u00f3mica Europeia (CEE), defendendo que <strong>a integra\u00e7\u00e3o ofereceu \u201cum contributo importante, trazendo uma perspetiva \u00fanica de abertura e conex\u00e3o com diferentes geografias<\/strong>, promo\u00e7\u00e3o das pol\u00edticas de coes\u00e3o e defesa do mercado \u00fanico\u201d.<\/p>\n<p>Atrav\u00e9s de <a href=\"https:\/\/www.presidencia.pt\/atualidade\/toda-a-atualidade\/2026\/01\/presidente-da-republica-assinala-o-40-o-aniversario-da-adesao-de-portugal-as-comunidades-europeias\/\" target=\"_blank\" rel=\"noopener noreferrer nofollow\">uma mensagem no site da Presid\u00eancia da Rep\u00fablica<\/a>, o Presidente recorda a ades\u00e3o em conjunto com a Espanha, formalizada em 12 de junho de 1985 e que entrou em vigor a 1 de janeiro de 1986.<\/p>\n<p>\u201cAo longo destas quatro d\u00e9cadas, <strong>Portugal percorreu o caminho da consolida\u00e7\u00e3o democr\u00e1tica, beneficiando das enormes vantagens da perten\u00e7a \u00e0 UE<\/strong>, como moderniza\u00e7\u00e3o econ\u00f3mica, desenvolvimento, estabilidade e refor\u00e7o da mobilidade dos cidad\u00e3os. A integra\u00e7\u00e3o europeia foi, por isso, uma das grandes conquistas do 25 de Abril\u201d, sustenta o chefe de Estado.<\/p>\n<p>Segundo Marcelo Rebelo de Sousa, <strong>\u201cquarenta anos depois, Portugal e os portugueses mant\u00eam um compromisso inabal\u00e1vel para com a Uni\u00e3o Europeia\u201d<\/strong>.<\/p>\n<p>\u201c<strong>Ao olharmos para o mundo que nos rodeia, percebemos com total clareza a import\u00e2ncia de seguirmos juntos, com os nossos parceiros da Uni\u00e3o Europeia<\/strong>, para preservar e fortalecer o nosso espa\u00e7o de democracia, liberdade, solidariedade e dignidade humana, que constru\u00edmos ao longo da nossa hist\u00f3ria comum e que urge defender\u201d, afirma.<\/p>\n<p>O primeiro-ministro, Lu\u00eds Montenegro, tamb\u00e9m menciona a efem\u00e9ride, defendendo que a ades\u00e3o de Portugal \u00e0 Uni\u00e3o Europeia (UE),<strong> h\u00e1 40 anos, foi uma \u201cescolha estrat\u00e9gica\u201d que consolidou a democracia, abriu a economia e modernizou o pa\u00eds<\/strong>.<\/p>\n<p>Numa mensagem publicada na rede social X, o primeiro-ministro recorda o momento em que Portugal se tornou \u201cmembro pleno\u201d da ent\u00e3o Comunidade Econ\u00f3mica Europeia (CEE) e afirma que Portugal \u201cencontrou um novo sentido para a sua voca\u00e7\u00e3o europeia\u201d e que \u201cessa escolha estrat\u00e9gica permitiu que o pa\u00eds se desenvolvesse, crescesse e convergisse no espa\u00e7o europeu\u201d.<\/p>\n<p>\u201cConsolidou tamb\u00e9m a nossa democracia, abriu a economia, modernizou o pa\u00eds e projetou-nos na Europa e no mundo. <strong>Hoje, na UE, continuamos a trabalhar para um Portugal mais pr\u00f3spero e para uma Uni\u00e3o mais forte e mais coesa<\/strong>. Pelo futuro de Portugal e pelo sucesso da UE\u201d, acrescenta o chefe do Governo PSD\/CDS-PP.<\/p>\n<p>Por sua vez, Jos\u00e9 Pedro Aguiar-Branco, o Presidente da Assembleia da Rep\u00fablica, publicou mensagens no Facebook e no Instagram, com uma foto de M\u00e1rio Soares enquanto primeiro-ministro a assinar o tratado de ades\u00e3o \u00e0 CEE, e o seguinte coment\u00e1rio: \u201cUm dia que mudou a nossa Hist\u00f3ria. Um dia que significou democracia, desenvolvimento e coes\u00e3o.\u201d<\/p>\n","protected":false},"excerpt":{"rendered":"Marcelo Rebelo de Sousa assinala os 40 anos da ades\u00e3o de Portugal \u00e0 ent\u00e3o Comunidade Econ\u00f3mica Europeia (CEE),&hellip;\n","protected":false},"author":2,"featured_media":211677,"comment_status":"","ping_status":"","sticky":false,"template":"","format":"standard","meta":{"footnotes":""},"categories":[10],"tags":[27,28,15,16,14,25,26,21,22,12,13,19,20,32,23,24,33,17,18,29,30,31],"class_list":{"0":"post-211676","1":"post","2":"type-post","3":"status-publish","4":"format-standard","5":"has-post-thumbnail","7":"category-portugal","8":"tag-breaking-news","9":"tag-breakingnews","10":"tag-featured-news","11":"tag-featurednews","12":"tag-headlines","13":"tag-latest-news","14":"tag-latestnews","15":"tag-main-news","16":"tag-mainnews","17":"tag-news","18":"tag-noticias","19":"tag-noticias-principais","20":"tag-noticiasprincipais","21":"tag-portugal","22":"tag-principais-noticias","23":"tag-principaisnoticias","24":"tag-pt","25":"tag-top-stories","26":"tag-topstories","27":"tag-ultimas","28":"tag-ultimas-noticias","29":"tag-ultimasnoticias"},"share_on_mastodon":{"url":"https:\/\/pubeurope.com\/@pt\/115825009222387488","error":""},"_links":{"self":[{"href":"https:\/\/www.europesays.com\/pt\/wp-json\/wp\/v2\/posts\/211676","targetHints":{"allow":["GET"]}}],"collection":[{"href":"https:\/\/www.europesays.com\/pt\/wp-json\/wp\/v2\/posts"}],"about":[{"href":"https:\/\/www.europesays.com\/pt\/wp-json\/wp\/v2\/types\/post"}],"author":[{"embeddable":true,"href":"https:\/\/www.europesays.com\/pt\/wp-json\/wp\/v2\/users\/2"}],"replies":[{"embeddable":true,"href":"https:\/\/www.europesays.com\/pt\/wp-json\/wp\/v2\/comments?post=211676"}],"version-history":[{"count":0,"href":"https:\/\/www.europesays.com\/pt\/wp-json\/wp\/v2\/posts\/211676\/revisions"}],"wp:featuredmedia":[{"embeddable":true,"href":"https:\/\/www.europesays.com\/pt\/wp-json\/wp\/v2\/media\/211677"}],"wp:attachment":[{"href":"https:\/\/www.europesays.com\/pt\/wp-json\/wp\/v2\/media?parent=211676"}],"wp:term":[{"taxonomy":"category","embeddable":true,"href":"https:\/\/www.europesays.com\/pt\/wp-json\/wp\/v2\/categories?post=211676"},{"taxonomy":"post_tag","embeddable":true,"href":"https:\/\/www.europesays.com\/pt\/wp-json\/wp\/v2\/tags?post=211676"}],"curies":[{"name":"wp","href":"https:\/\/api.w.org\/{rel}","templated":true}]}}