{"id":211678,"date":"2026-01-02T10:22:21","date_gmt":"2026-01-02T10:22:21","guid":{"rendered":"https:\/\/www.europesays.com\/pt\/211678\/"},"modified":"2026-01-02T10:22:21","modified_gmt":"2026-01-02T10:22:21","slug":"bcp-voltou-a-ser-estrela-da-bolsa-nacional-jornaleconomico-sapo-pt","status":"publish","type":"post","link":"https:\/\/www.europesays.com\/pt\/211678\/","title":{"rendered":"BCP voltou a ser estrela da bolsa nacional &#8211; jornaleconomico.sapo.pt"},"content":{"rendered":"<ol>\n<li><a href=\"https:\/\/news.google.com\/rss\/articles\/CBMigAJBVV95cUxQTThSMklDRkt2VzlTOGhUQ0ZuUzA2dGptRmR6Qjlnb3RBME1xaW5wOFRMUVNobm9pWHQzdmVYemhJaXI0UHRDazhqNm5hXzkyVG51RWtET3ppUUVuSkhfR193ZDkzMXBqOXJ6TVhrZ1hCMFloOEZIZDJNTXdFZW50V3RfVXI4OUNtZjVMd2R4bHE4ZlFLamRZQ3lSMWxEYm55aVdvbHVTZmRZVnZ6ek0zMFppY09xWFc3blM2VDVBSGpUWGNFZXBGaldsaVA0UExFUUpxMUtWUjl3cnZSZG9lSmxoeDkxU0RBV3BmakxxMzdoY2FqX0FVYlNtOUdkSWxt?oc=5\" target=\"_blank\" rel=\"nofollow noopener\">BCP voltou a ser estrela da bolsa nacional<\/a>&nbsp;&nbsp;jornaleconomico.sapo.pt<\/li>\n<li><a href=\"https:\/\/news.google.com\/rss\/articles\/CBMipgFBVV95cUxQRG9jSEltVVFoY3JFbTF4MnlKemk1NXk4cjlMbkRFNktaNmZDQWZ4RnRyZUoxYXNmRUdHbXp0VG1LWGNheDFkdkVRczlxNVUwdFRlQ21zRnZ5MEZwaldSQUl0VEdEaVpYSmRQcFZZRlBqdmlxVFZzUW84ZVdMdzhWT3NYSzd6TURlUzRhWkZraVJSbXVQNkdFMkhMQjZYYU9HQnZRVEFn?oc=5\" target=\"_blank\" rel=\"nofollow noopener\">PSI termina ano com maior valoriza\u00e7\u00e3o desde 2009<\/a>&nbsp;&nbsp;Jornal de Neg\u00f3cios<\/li>\n<li><a href=\"https:\/\/news.google.com\/rss\/articles\/CBMilAFBVV95cUxOanN2dERreHZtX3poRVlFdFhTZmc4cDJuZGNjVXNTSDFnT2pOZEN6NXQ4UTQxRnBQa3VYb1hjLUF1bW9YMEdOdHRfNThDeDhWVlZhLTBRZ3pvMWdKSW8wUHdGQW5mRk5WQjNnS1lnRVBOVGg0VUV3YVZ2MFRVdnM3dEs0dk9JV3RWS01CRjd3dTdiR0Vk?oc=5\" target=\"_blank\" rel=\"nofollow noopener\">PSI subiu 29% em 2025 e conclui o melhor ano desde 2009<\/a>&nbsp;&nbsp;dinheiro vivo<\/li>\n<li><a href=\"https:\/\/news.google.com\/rss\/articles\/CBMiswFBVV95cUxQcG1HQjNDQTFzZ2xhZHhTT29FYlBNRXZSRDlwYmlJa3l6SFdXUmVfeXlSTm1fZlMtMWxTbHdsSk9PQ3hBMjBHSlZhanNPZFd0ZDFYYUV3SGYwSUNfRE9EcGsxZ1p3ckdrdkN3cWxHbU0zVEtoN0xqZmRTMDFFZjJOYzJPanlBSHR5SGgzNjJINGItRTRlekZBQUw1Sy1PVUs1SmhyYmNlUDEwUU51RlBUaF8xcw?oc=5\" target=\"_blank\" rel=\"nofollow noopener\">Bolsa de Lisboa fechou inalterada mas valorizou 29% em 2025<\/a>&nbsp;&nbsp;MSN<\/li>\n<li><a href=\"https:\/\/news.google.com\/rss\/articles\/CBMimwFBVV95cUxNZXBQczNpaklwZ3M0b0FqZWVMVGtZNWl3WWN5cmF3ZEw5dkMtYWJ1c0RGNFliTl82VFNGSTQxWmlfMjhxenl5V3lRTnFVNURpbVRMa3g2YW9fM0ZrcFNyY2RRVTV6QXJnd1pMS1pJTHFlUGFXeDNiOEw2ZTMwajVpaEhMNmQ2dkVMTHF6SU1TdXFmZXMyY1BQVkNZNNIBoAFBVV95cUxOSnF1TlVzaWRZdWlEeXlGeGhqa0h4RzlmU3hCSXpLTGdCTkVuLW1YZElmS0hVMkVQaV93WlQyU3JQR2YyTWRmT1dJT2w1X241Z25OY005bWNzVVN2bFlxYUY5c01aaktlY0t1ZFJaajR6ajJHbEl1UlRmRUxpeU9PLXFldG9MQzFwLWxYVXpGWE05TXVrX01VOUt0cWVxbW4t?oc=5\" target=\"_blank\" rel=\"nofollow noopener\">Bolsa nacional regista o melhor ano desde 2009<\/a>&nbsp;&nbsp;Expresso<\/li>\n<\/ol>\n","protected":false},"excerpt":{"rendered":"BCP voltou a ser estrela da bolsa nacional&nbsp;&nbsp;jornaleconomico.sapo.pt PSI termina ano com maior valoriza\u00e7\u00e3o desde 2009&nbsp;&nbsp;Jornal de Neg\u00f3cios&hellip;\n","protected":false},"author":2,"featured_media":105271,"comment_status":"","ping_status":"","sticky":false,"template":"","format":"standard","meta":{"footnotes":""},"categories":[8],"tags":[41473,27,28,15,16,14,25,26,21,22,41114,12,13,19,20,32,23,24,33,17,18,29,30,31],"class_list":{"0":"post-211678","1":"post","2":"type-post","3":"status-publish","4":"format-standard","5":"has-post-thumbnail","7":"category-principais-noticias","8":"tag-banco-millennium-bcp","9":"tag-breaking-news","10":"tag-breakingnews","11":"tag-featured-news","12":"tag-featurednews","13":"tag-headlines","14":"tag-latest-news","15":"tag-latestnews","16":"tag-main-news","17":"tag-mainnews","18":"tag-miguel-maya","19":"tag-news","20":"tag-noticias","21":"tag-noticias-principais","22":"tag-noticiasprincipais","23":"tag-portugal","24":"tag-principais-noticias","25":"tag-principaisnoticias","26":"tag-pt","27":"tag-top-stories","28":"tag-topstories","29":"tag-ultimas","30":"tag-ultimas-noticias","31":"tag-ultimasnoticias"},"share_on_mastodon":{"url":"https:\/\/pubeurope.com\/@pt\/115825013491980272","error":""},"_links":{"self":[{"href":"https:\/\/www.europesays.com\/pt\/wp-json\/wp\/v2\/posts\/211678","targetHints":{"allow":["GET"]}}],"collection":[{"href":"https:\/\/www.europesays.com\/pt\/wp-json\/wp\/v2\/posts"}],"about":[{"href":"https:\/\/www.europesays.com\/pt\/wp-json\/wp\/v2\/types\/post"}],"author":[{"embeddable":true,"href":"https:\/\/www.europesays.com\/pt\/wp-json\/wp\/v2\/users\/2"}],"replies":[{"embeddable":true,"href":"https:\/\/www.europesays.com\/pt\/wp-json\/wp\/v2\/comments?post=211678"}],"version-history":[{"count":0,"href":"https:\/\/www.europesays.com\/pt\/wp-json\/wp\/v2\/posts\/211678\/revisions"}],"wp:featuredmedia":[{"embeddable":true,"href":"https:\/\/www.europesays.com\/pt\/wp-json\/wp\/v2\/media\/105271"}],"wp:attachment":[{"href":"https:\/\/www.europesays.com\/pt\/wp-json\/wp\/v2\/media?parent=211678"}],"wp:term":[{"taxonomy":"category","embeddable":true,"href":"https:\/\/www.europesays.com\/pt\/wp-json\/wp\/v2\/categories?post=211678"},{"taxonomy":"post_tag","embeddable":true,"href":"https:\/\/www.europesays.com\/pt\/wp-json\/wp\/v2\/tags?post=211678"}],"curies":[{"name":"wp","href":"https:\/\/api.w.org\/{rel}","templated":true}]}}