{"id":211703,"date":"2026-01-02T10:40:11","date_gmt":"2026-01-02T10:40:11","guid":{"rendered":"https:\/\/www.europesays.com\/pt\/211703\/"},"modified":"2026-01-02T10:40:11","modified_gmt":"2026-01-02T10:40:11","slug":"duda-santos-comeca-preparacao-para-viver-mocinha-em-nova-novela-das-seis-da-globo-uol","status":"publish","type":"post","link":"https:\/\/www.europesays.com\/pt\/211703\/","title":{"rendered":"Duda Santos come\u00e7a prepara\u00e7\u00e3o para viver mocinha em nova novela das seis da Globo &#8211; UOL"},"content":{"rendered":"<ol>\n<li><a href=\"https:\/\/news.google.com\/rss\/articles\/CBMi3wFBVV95cUxQWmRGRFNxRVpwMnhsTkxnUE1SN0Y5eG92MUV2TWZmZnI1RUtJYzkzSUMwTkVqZUYxLTlTdEZuVXdFei1EZkg4a3pEVzFPMzRxSWlJbVRzckRhVl9mZmZMOTNBT3l0RmpTTW1ETlpKMUZqd05VOTdWaXRsSDJnTlh4ZTZRQlJraU1rUEM3Wko3WFFJVDFIYlJLMEd2NWNRclFOLWV4Mnp0UWp1Y2JKLVMxc1NLclRFeUtsVmZ0dUR4Y1ZzLXZpNzYwRjFXVUZ5VEdZRVFSRXpHRnVaenoxd3p30gHkAUFVX3lxTE1GZktTZzZQYl9XZjhfNlNGMElfaW50ODRTOTFwSVdFaXdsSzVNaFRWTEJiUkFtcVR3VWtHOU1HWGRsTTM3WmNCdG5GMlVOZm9xMVJmLXVwd19nc0xqYk4yYjJwaVN5SUhhMThvam01SVNWNVVTX0p6VFBDOUFXQ2Q4QmdyZ2t5TjBuRkRqU2hUV0d6UzF1cEtWdFRtaDJXVUdvbmJISXZqeGoyYXlxVGUzSFdqMjVRYUk2U2xEcEdraVpMWG1PYnc1U2RsRUJ1YjRTWDY5NnRpdFRoTjNqWWozZ2FJVQ?oc=5\" target=\"_blank\" rel=\"nofollow noopener\">Duda Santos come\u00e7a prepara\u00e7\u00e3o para viver mocinha em nova novela das seis da Globo<\/a>&nbsp;&nbsp;UOL<\/li>\n<li><a href=\"https:\/\/news.google.com\/rss\/articles\/CBMixAFBVV95cUxNYjlGcGc3cEllS2Z3cVhYLWtKRjZfRWpGUzdHTWYxdDVuQm1uaVRIOTRwMExLS1hYdEJiSWg0ekhGOTdTcWtDSzc3R25iSUtFcUFfb2FFcTJOdGlVQ2NmQ2xUUDZTenZGeW43RTRqZWowOFlvLVNJcnVWNkpXUkdoaGYweVg0bWdIOW1hS3gwR1Jzal9BdXVYc0RnaWFLRFExVlZmR1dwSW1WRGM2MFFyRUpiSTFKMklxRTVpd2N3QUJfbzlR?oc=5\" target=\"_blank\" rel=\"nofollow noopener\">Com estreia em mar\u00e7o, &#8216;A Nobreza do Amor&#8217; explora ra\u00edzes africanas<\/a>&nbsp;&nbsp;O Planeta TV<\/li>\n<li><a href=\"https:\/\/news.google.com\/rss\/articles\/CBMi9wFBVV95cUxOX0V2TlAxa29MVXFyXzNIRGp1VzljeTl6blNEMXVLeEZpbVBxdHpLX05kMFdqUEVRYjR5WV9kSVZmZTI1aG0zM19UYXptV3NvX0tIbk5KU0xDdUtXYVVqbUpISkV0VEhqTVl6SVZvZHV1N3dJUDkxRkpqcDcxNDlySmxRQ0ZySDgwUG5zc1hjaGg4c1FRTE5sdTdFdFZYYUZiblExZFJORmtYRmVrRWZzR1U4cTFwenJvakFBVnBLWGtuZ2JZelpXeUxwUXhPeVRrVXpzZmVlMjNmV08xeE1tRXREZlBmQzF0OXpXb0pRbjJ0TVZqeTRV0gGGAkFVX3lxTE16OXpDajAweVduc3VKRzVQaGh0Y2tIbi1qandoWllVdDlrcHZWclNNSGFkUnRnS2RYS2Yxa1dqVVVoaVMwRlR1dTc4VzhhRmVqX2V4dVRaQ09Jc3d3NFE3QVZwV0xtNG9LaUlyc2M3VVlmaDU0YS1XMXgyUWFuZzdWRktHdUlDUE5qY0x2Z3R6WTdZb2VzWUF5dWk2UFpRVzU4TVdyNDIzbHZQU1RBbjBJdFdnWEtsS1dOcUZ2aTJnNkJTa3VEN0szRF90S014bnJJQklJVHJENDdrMTh5eTBIVldjdHlCRHpXbnJ1MXBqc2cySWN0N21nMFE3Q3kwSFdDbjZzekE?oc=5\" target=\"_blank\" rel=\"nofollow noopener\">Jo\u00e3o Fernandes far\u00e1 &#8216;A nobreza do amor&#8217; e estar\u00e1 envolvido em conflito com Rayssa Bratillieri na novela<\/a>&nbsp;&nbsp;O Globo<\/li>\n<li><a href=\"https:\/\/news.google.com\/rss\/articles\/CBMiywFBVV95cUxPMWJCLV96bTUteUVuSEdnbzg3RDFPZlRVQ3d5SDA2cWVEdDI1R1pvcU9PNWxXYUFjUk1pR2hfSDg0MER5MVFvYU15Y0FfWlNudlVNMFIwazI3aUt5MERjdDJpWDhOR0JXYm9heTJXOWI3WnhWMGplRWxCV19ITTF6ZXl3cXlPeExRY3dONnM2OWFyMkZRdmh6TmtvME9RcDE4bTVmXzBIUy1jODFBbDJ3dU12YV8xUlZTTzJiSFdSUHlzYkpaa3hZUzVBSQ?oc=5\" target=\"_blank\" rel=\"nofollow noopener\">Globo escala Jo\u00e3o Fernandes para n\u00facleo liban\u00eas de &#8216;A Nobreza do Amor&#8217;<\/a>&nbsp;&nbsp;O Planeta TV<\/li>\n<\/ol>\n","protected":false},"excerpt":{"rendered":"Duda Santos come\u00e7a prepara\u00e7\u00e3o para viver mocinha em nova novela das seis da Globo&nbsp;&nbsp;UOL Com estreia em mar\u00e7o,&hellip;\n","protected":false},"author":2,"featured_media":211704,"comment_status":"","ping_status":"","sticky":false,"template":"","format":"standard","meta":{"footnotes":""},"categories":[142],"tags":[219,211,223,5566,114,115,224,225,226,753,221,220,222,2931,32,33,2566,218,228,151,227],"class_list":{"0":"post-211703","1":"post","2":"type-post","3":"status-publish","4":"format-standard","5":"has-post-thumbnail","7":"category-tv","8":"tag-bichos","9":"tag-celebridades","10":"tag-colunistas","11":"tag-duda-santos","12":"tag-entertainment","13":"tag-entretenimento","14":"tag-estranho","15":"tag-eu-amo","16":"tag-fofices","17":"tag-globo","18":"tag-horoscopo","19":"tag-humanos","20":"tag-humor","21":"tag-novela","22":"tag-portugal","23":"tag-pt","24":"tag-televiso","25":"tag-televisao","26":"tag-tudo","27":"tag-tv","28":"tag-videos"},"share_on_mastodon":{"url":"https:\/\/pubeurope.com\/@pt\/115825083951938180","error":""},"_links":{"self":[{"href":"https:\/\/www.europesays.com\/pt\/wp-json\/wp\/v2\/posts\/211703","targetHints":{"allow":["GET"]}}],"collection":[{"href":"https:\/\/www.europesays.com\/pt\/wp-json\/wp\/v2\/posts"}],"about":[{"href":"https:\/\/www.europesays.com\/pt\/wp-json\/wp\/v2\/types\/post"}],"author":[{"embeddable":true,"href":"https:\/\/www.europesays.com\/pt\/wp-json\/wp\/v2\/users\/2"}],"replies":[{"embeddable":true,"href":"https:\/\/www.europesays.com\/pt\/wp-json\/wp\/v2\/comments?post=211703"}],"version-history":[{"count":0,"href":"https:\/\/www.europesays.com\/pt\/wp-json\/wp\/v2\/posts\/211703\/revisions"}],"wp:featuredmedia":[{"embeddable":true,"href":"https:\/\/www.europesays.com\/pt\/wp-json\/wp\/v2\/media\/211704"}],"wp:attachment":[{"href":"https:\/\/www.europesays.com\/pt\/wp-json\/wp\/v2\/media?parent=211703"}],"wp:term":[{"taxonomy":"category","embeddable":true,"href":"https:\/\/www.europesays.com\/pt\/wp-json\/wp\/v2\/categories?post=211703"},{"taxonomy":"post_tag","embeddable":true,"href":"https:\/\/www.europesays.com\/pt\/wp-json\/wp\/v2\/tags?post=211703"}],"curies":[{"name":"wp","href":"https:\/\/api.w.org\/{rel}","templated":true}]}}