{"id":211709,"date":"2026-01-02T10:44:11","date_gmt":"2026-01-02T10:44:11","guid":{"rendered":"https:\/\/www.europesays.com\/pt\/211709\/"},"modified":"2026-01-02T10:44:11","modified_gmt":"2026-01-02T10:44:11","slug":"medicamento-experimental-pode-travar-o-alzheimer-antes-dos-primeiros-sintomas","status":"publish","type":"post","link":"https:\/\/www.europesays.com\/pt\/211709\/","title":{"rendered":"Medicamento experimental pode travar o Alzheimer antes dos primeiros sintomas"},"content":{"rendered":"<p class=\"wp-caption-text top\"><a href=\"https:\/\/www.freepik.com\/free-psd\/brain-study-background-psd-mental-health-care-medical-technology_16763229.htm\" rel=\"nofollow external noopener noreferrer\" data-wpel-link=\"external\" target=\"_blank\" class=\"ext-link\">Rawpixel \/ Freepik<\/a><\/p>\n<p><img decoding=\"async\" loading=\"lazy\" class=\"wp-image-531187 size-kopa-image-size-3\" src=\"https:\/\/www.europesays.com\/pt\/wp-content\/uploads\/2026\/01\/ffe4127567f1492298c3e21d877079bb-783x450.jpg\" alt=\"\" width=\"700\" height=\"402\"  \/><\/p>\n<p><strong>Em vez de tentar eliminar a prote\u00edna beta-amiloide, como a maioria dos medicamentos atuais, o novo f\u00e1rmaco restaura a capacidade da pr\u00f3pria c\u00e9lula de eliminar as prote\u00ednas t\u00f3xicas.<\/strong><\/p>\n<p>Um novo medicamento experimental parece interromper a degenera\u00e7\u00e3o cerebral <strong>antes mesmo do in\u00edcio dos sintomas<\/strong> de Alzheimer aparecerem. O tratamento, conhecido como NU-9, apresentou resultados impressionantes em modelos de Alzheimer em ratos.<\/p>\n<p>A maioria dos tratamentos existentes contra o Alzheimer, como o donanemab e o lecanemab, centra-se na <strong>elimina\u00e7\u00e3o da prote\u00edna beta-amiloide<\/strong>, que se acumula no c\u00e9rebro das pessoas com Alzheimer. Embora a beta-amiloide seja considerada h\u00e1 muito tempo fundamental para a doen\u00e7a, muitos cientistas acreditam agora que o Alzheimer \u00e9 impulsionado por m\u00faltiplos processos sobrepostos, o que pode explicar porque \u00e9 que as terapias atuais t\u00eam tido um sucesso limitado.<\/p>\n<p>O NU-9 adota uma abordagem diferente. Embora ainda tenha como alvo a prote\u00edna beta-amiloide, atua restaurando a capacidade da pr\u00f3pria c\u00e9lula de eliminar as prote\u00ednas t\u00f3xicas. De acordo com <strong>William Klein<\/strong>, professor de neurobiologia e autor do <a href=\"https:\/\/alz-journals.onlinelibrary.wiley.com\/doi\/10.1002\/alz.70968\" data-wpel-link=\"external\" target=\"_blank\" rel=\"nofollow external noopener noreferrer\" class=\"ext-link\">estudo<\/a> publicado na Alzheimer\u2019s &amp; Dementia, as c\u00e9lulas nervosas t\u00eam normalmente mecanismos para se livrarem da acumula\u00e7\u00e3o de prote\u00ednas nocivas, mas estes sistemas falham em doen\u00e7as neurodegenerativas como o Alzheimer e a esclerose lateral amiotr\u00f3fica (ELA). \u201cO NU-9 <strong>est\u00e1 a resgatar a via que salva a c\u00e9lula<\/strong>\u201c, explicou Klein.<\/p>\n<p>O momento da administra\u00e7\u00e3o parece ser crucial. No estudo, os investigadores administraram NU-9 a ratinhos geneticamente modificados antes de estes apresentarem quaisquer sintomas de Alzheimer. Ao longo de 60 dias de tratamento oral di\u00e1rio, o medicamento<strong> preveniu muitas das altera\u00e7\u00f5es caracter\u00edsticas<\/strong> observadas no in\u00edcio da doen\u00e7a. \u201cQuando os sintomas surgem, a patologia subjacente j\u00e1 est\u00e1 avan\u00e7ada\u201d, disse o autor principal, <strong>Daniel Kranz<\/strong>, referindo que a interven\u00e7\u00e3o tardia pode ser a raz\u00e3o pela qual muitos ensaios cl\u00ednicos anteriores falharam.<\/p>\n<p>A equipa identificou tamb\u00e9m um subtipo de prote\u00edna beta-amiloide altamente t\u00f3xica, at\u00e9 ent\u00e3o desconhecido, que se forma dentro dos neur\u00f3nios e das c\u00e9lulas de suporte pr\u00f3ximas, chamadas astr\u00f3citos, nas fases iniciais da doen\u00e7a. Estes aglomerados de prote\u00ednas, conhecidos como olig\u00f3meros ACU193+, parecem desencadear inflama\u00e7\u00e3o e disfun\u00e7\u00e3o celular. O NU-9<strong> reduziu significativamente os n\u00edveis<\/strong> destas prote\u00ednas t\u00f3xicas e atenuou as respostas inflamat\u00f3rias no c\u00e9rebro.<\/p>\n<p>Notavelmente, o medicamento tamb\u00e9m <strong>reduziu os n\u00edveis de TDP-43<\/strong>, outra prote\u00edna anormal associada ao decl\u00ednio cognitivo e \u00e0 ELA, sugerindo que o NU-9 pode ter efeitos neuroprotetores mais abrangentes, escreve o <a href=\"https:\/\/www.iflscience.com\/experimental-alzheimers-drug-could-have-the-power-to-halt-disease-before-symptoms-even-start-82071\" data-wpel-link=\"external\" target=\"_blank\" rel=\"nofollow external noopener noreferrer\" class=\"ext-link\">IFLScience<\/a>.<\/p>\n<p>Embora os resultados se limitem a modelos animais, os investigadores acreditam que a combina\u00e7\u00e3o de diagn\u00f3stico e tratamento precoces pode ser transformadora. Os testes sangu\u00edneos para detetar a doen\u00e7a de Alzheimer antes do aparecimento dos sintomas j\u00e1 est\u00e3o em desenvolvimento, abrindo caminho para terapias preventivas.<\/p>\n<p>    <a href=\"https:\/\/zap.aeiou.pt\/subscrever-newsletter\" data-wpel-link=\"internal\" rel=\"nofollow noopener\" target=\"_blank\">&#13;<br \/>\n        <img loading=\"lazy\" decoding=\"async\" class=\"aligncenter size-full wp-image-575475\" src=\"https:\/\/www.europesays.com\/pt\/wp-content\/uploads\/2025\/12\/1765389371_545_2d51fe4a0ba54894421ead1809309ed9-1-450x140.jpg\" alt=\"Subscreva a Newsletter ZAP\" width=\"450\" height=\"140\"\/>&#13;<br \/>\n    <\/a><\/p>\n<p>                <a href=\"https:\/\/whatsapp.com\/channel\/0029VaIC4EE2f3EJZPPSbR34\" data-wpel-link=\"external\" target=\"_blank\" rel=\"nofollow external noopener noreferrer\" class=\"ext-link\">&#13;<br \/>\n                    <img loading=\"lazy\" decoding=\"async\" class=\"aligncenter size-full wp-image-575475\" src=\"https:\/\/www.europesays.com\/pt\/wp-content\/uploads\/2025\/12\/1765389371_770_c68c559d956d4ca20f435ed74a6e71e6.png\" alt=\"Siga-nos no WhatsApp\" width=\"175\" height=\"64\"\/>&#13;<br \/>\n                <\/a><\/p>\n<p>                <a href=\"https:\/\/news.google.com\/publications\/CAAiEHRwZondIV71PDjWNoqMduEqFAgKIhB0cGaJ3SFe9Tw41jaKjHbh?hl=en-US&amp;gl=US&amp;ceid=US%3Aen\" data-wpel-link=\"external\" target=\"_blank\" rel=\"nofollow external noopener noreferrer\" class=\"ext-link\">&#13;<br \/>\n                    <img loading=\"lazy\" decoding=\"async\" class=\"aligncenter size-full wp-image-575475\" src=\"https:\/\/www.europesays.com\/pt\/wp-content\/uploads\/2025\/12\/1765389372_556_5123dd8b087b644fdb8f8603acd1bad4.png\" alt=\"Siga-nos no Google News\" width=\"176\" height=\"64\"\/>&#13;<br \/>\n                <\/a><\/p>\n","protected":false},"excerpt":{"rendered":"Rawpixel \/ Freepik Em vez de tentar eliminar a prote\u00edna beta-amiloide, como a maioria dos medicamentos atuais, o&hellip;\n","protected":false},"author":2,"featured_media":211710,"comment_status":"","ping_status":"","sticky":false,"template":"","format":"standard","meta":{"footnotes":""},"categories":[86],"tags":[314,116,1208,32,33,117],"class_list":{"0":"post-211709","1":"post","2":"type-post","3":"status-publish","4":"format-standard","5":"has-post-thumbnail","7":"category-saude","8":"tag-alzheimer","9":"tag-health","10":"tag-medicina","11":"tag-portugal","12":"tag-pt","13":"tag-saude"},"share_on_mastodon":{"url":"https:\/\/pubeurope.com\/@pt\/115825099706827431","error":""},"_links":{"self":[{"href":"https:\/\/www.europesays.com\/pt\/wp-json\/wp\/v2\/posts\/211709","targetHints":{"allow":["GET"]}}],"collection":[{"href":"https:\/\/www.europesays.com\/pt\/wp-json\/wp\/v2\/posts"}],"about":[{"href":"https:\/\/www.europesays.com\/pt\/wp-json\/wp\/v2\/types\/post"}],"author":[{"embeddable":true,"href":"https:\/\/www.europesays.com\/pt\/wp-json\/wp\/v2\/users\/2"}],"replies":[{"embeddable":true,"href":"https:\/\/www.europesays.com\/pt\/wp-json\/wp\/v2\/comments?post=211709"}],"version-history":[{"count":0,"href":"https:\/\/www.europesays.com\/pt\/wp-json\/wp\/v2\/posts\/211709\/revisions"}],"wp:featuredmedia":[{"embeddable":true,"href":"https:\/\/www.europesays.com\/pt\/wp-json\/wp\/v2\/media\/211710"}],"wp:attachment":[{"href":"https:\/\/www.europesays.com\/pt\/wp-json\/wp\/v2\/media?parent=211709"}],"wp:term":[{"taxonomy":"category","embeddable":true,"href":"https:\/\/www.europesays.com\/pt\/wp-json\/wp\/v2\/categories?post=211709"},{"taxonomy":"post_tag","embeddable":true,"href":"https:\/\/www.europesays.com\/pt\/wp-json\/wp\/v2\/tags?post=211709"}],"curies":[{"name":"wp","href":"https:\/\/api.w.org\/{rel}","templated":true}]}}