{"id":211756,"date":"2026-01-02T11:16:09","date_gmt":"2026-01-02T11:16:09","guid":{"rendered":"https:\/\/www.europesays.com\/pt\/211756\/"},"modified":"2026-01-02T11:16:09","modified_gmt":"2026-01-02T11:16:09","slug":"moeda-siria-e-hoje-substituida-por-versao-reformulada","status":"publish","type":"post","link":"https:\/\/www.europesays.com\/pt\/211756\/","title":{"rendered":"Moeda s\u00edria \u00e9 hoje substitu\u00edda por vers\u00e3o &#8220;reformulada&#8221;"},"content":{"rendered":"<p>A moeda nacional s\u00edria ser\u00e1 substitu\u00edda por uma vers\u00e3o reformulada a partir de 01 de janeiro, numa tentativa de reanimar a economia, anunciou hoje o governador do banco central do pa\u00eds.<\/p>\n<p class=\"text-paragraph\">A recupera\u00e7\u00e3o da libra s\u00edria \u00e9 um dos principais desafios enfrentados pelas autoridades, que assumiram a inten\u00e7\u00e3o de eliminar dois zeros e emitir novas notas ap\u00f3s a queda do poder de Bashar al-Assad, h\u00e1 um ano.<\/p>\n<p class=\"text-paragraph\">A ef\u00edgie do antigo Presidente, bem como a do seu pai, Hafez, que governaram o pa\u00eds durante d\u00e9cadas, ainda aparecem em algumas notas.<\/p>\n<p class=\"text-paragraph\">Num comunicado, o governador do banco central, Abdul Qadir al-Hasriya, precisou que \u201co dia 01 de janeiro de 2026 marcar\u00e1 o in\u00edcio do processo de substitui\u00e7\u00e3o\u201d da moeda.<\/p>\n<p class=\"text-paragraph\">Os detalhes ser\u00e3o revelados numa confer\u00eancia de imprensa marcada para domingo, acrescentou.<\/p>\n<p class=\"text-paragraph\">\u201cA nova moeda s\u00edria \u00e9 um s\u00edmbolo da nossa soberania financeira ap\u00f3s a liberta\u00e7\u00e3o\u201d, disse, referindo-se em particular a \u201cum passo firme em dire\u00e7\u00e3o \u00e0 estabilidade e \u00e0 recupera\u00e7\u00e3o econ\u00f3mica\u201d.<\/p>\n<p class=\"text-paragraph\">Desde o in\u00edcio da guerra civil em 2011, a libra caiu de 50 para um valor de cerca de 10.000-11.000 por d\u00f3lar, o que obriga a popula\u00e7\u00e3o a transportar grandes ma\u00e7os de notas, mesmo para compras de primeira necessidade.<\/p>\n<p class=\"text-paragraph\">Segundo Hasriya, esta reforma surge num \u201cmomento nacional crucial que marca o in\u00edcio de uma nova era econ\u00f3mica e monet\u00e1ria\u201d.<\/p>\n<p class=\"text-paragraph\">Os Estados Unidos anunciaram este m\u00eas o levantamento definitivo das denominadas san\u00e7\u00f5es \u201cC\u00e9sar\u201d, abrindo caminho para o regresso dos investimentos \u00e0 S\u00edria ap\u00f3s anos de isolamento econ\u00f3mico.<\/p>\n<p class=\"text-paragraph\">Em agosto, Hasriya indicou que o seu pa\u00eds iria alterar a sua moeda, eliminando dois zeros, e precisou que esta medida \u201cn\u00e3o afetaria o valor da moeda\u201d.<\/p>\n<p class=\"text-paragraph\">As novas notas, indicou ent\u00e3o, substituiriam simplesmente as antigas, a fim de evitar uma infla\u00e7\u00e3o adicional num pa\u00eds afetado por uma subida dos pre\u00e7os, prevendo o banco central a emiss\u00e3o de seis novas denomina\u00e7\u00f5es.<\/p>\n","protected":false},"excerpt":{"rendered":"A moeda nacional s\u00edria ser\u00e1 substitu\u00edda por uma vers\u00e3o reformulada a partir de 01 de janeiro, numa tentativa&hellip;\n","protected":false},"author":2,"featured_media":211757,"comment_status":"","ping_status":"","sticky":false,"template":"","format":"standard","meta":{"footnotes":""},"categories":[50],"tags":[27,28,15,16,14,25,26,21,22,62,12,13,19,20,23,24,17,18,29,30,31,63,64,65],"class_list":{"0":"post-211756","1":"post","2":"type-post","3":"status-publish","4":"format-standard","5":"has-post-thumbnail","7":"category-mundo","8":"tag-breaking-news","9":"tag-breakingnews","10":"tag-featured-news","11":"tag-featurednews","12":"tag-headlines","13":"tag-latest-news","14":"tag-latestnews","15":"tag-main-news","16":"tag-mainnews","17":"tag-mundo","18":"tag-news","19":"tag-noticias","20":"tag-noticias-principais","21":"tag-noticiasprincipais","22":"tag-principais-noticias","23":"tag-principaisnoticias","24":"tag-top-stories","25":"tag-topstories","26":"tag-ultimas","27":"tag-ultimas-noticias","28":"tag-ultimasnoticias","29":"tag-world","30":"tag-world-news","31":"tag-worldnews"},"share_on_mastodon":{"url":"https:\/\/pubeurope.com\/@pt\/115825225509848562","error":""},"_links":{"self":[{"href":"https:\/\/www.europesays.com\/pt\/wp-json\/wp\/v2\/posts\/211756","targetHints":{"allow":["GET"]}}],"collection":[{"href":"https:\/\/www.europesays.com\/pt\/wp-json\/wp\/v2\/posts"}],"about":[{"href":"https:\/\/www.europesays.com\/pt\/wp-json\/wp\/v2\/types\/post"}],"author":[{"embeddable":true,"href":"https:\/\/www.europesays.com\/pt\/wp-json\/wp\/v2\/users\/2"}],"replies":[{"embeddable":true,"href":"https:\/\/www.europesays.com\/pt\/wp-json\/wp\/v2\/comments?post=211756"}],"version-history":[{"count":0,"href":"https:\/\/www.europesays.com\/pt\/wp-json\/wp\/v2\/posts\/211756\/revisions"}],"wp:featuredmedia":[{"embeddable":true,"href":"https:\/\/www.europesays.com\/pt\/wp-json\/wp\/v2\/media\/211757"}],"wp:attachment":[{"href":"https:\/\/www.europesays.com\/pt\/wp-json\/wp\/v2\/media?parent=211756"}],"wp:term":[{"taxonomy":"category","embeddable":true,"href":"https:\/\/www.europesays.com\/pt\/wp-json\/wp\/v2\/categories?post=211756"},{"taxonomy":"post_tag","embeddable":true,"href":"https:\/\/www.europesays.com\/pt\/wp-json\/wp\/v2\/tags?post=211756"}],"curies":[{"name":"wp","href":"https:\/\/api.w.org\/{rel}","templated":true}]}}