{"id":211762,"date":"2026-01-02T11:19:07","date_gmt":"2026-01-02T11:19:07","guid":{"rendered":"https:\/\/www.europesays.com\/pt\/211762\/"},"modified":"2026-01-02T11:19:07","modified_gmt":"2026-01-02T11:19:07","slug":"the-pitt-quer-continuar-sendo-a-ficcao-mais-real-da-tv-02-01-2026-ilustrada","status":"publish","type":"post","link":"https:\/\/www.europesays.com\/pt\/211762\/","title":{"rendered":"&#8216;The Pitt&#8217; quer continuar sendo a fic\u00e7\u00e3o mais real da TV &#8211; 02\/01\/2026 &#8211; Ilustrada"},"content":{"rendered":"<p>&#8220;Joe [Sachs] foi atacado por uma pessoa que disse que n\u00f3s n\u00e3o podemos usar imagens reais na s\u00e9rie. \u00c9 uma viola\u00e7\u00e3o do juramento de Hip\u00f3crates. \u2018Voc\u00ea n\u00e3o deveria ter mostrado aquele parto.\u2019 Bem, aquele parto foi todo criado pela nossa equipe de cabelo e maquiagem, de prost\u00e9ticos, tudo feito no est\u00fadio&#8221;, diz, cheio de orgulho, <a href=\"https:\/\/www1.folha.uol.com.br\/fsp\/ilustrad\/fq270909.htm\" rel=\"nofollow noopener\" target=\"\">John Wells<\/a>.<\/p>\n<p>O veterano produtor se refere a uma cena de um parto normal retratada \u2014em detalhes e \u00e2ngulos expl\u00edcitos\u2014 no 11\u00ba epis\u00f3dio da &#8220;<a href=\"https:\/\/www1.folha.uol.com.br\/ilustrada\/2025\/01\/the-pitt-adapta-plantao-medico-para-o-caos-do-mundo-pos-pandemico.shtml\" rel=\"nofollow noopener\" target=\"_blank\">The Pitt<\/a>&#8220;, que ele cocriou com R. Scott Gemmill e <a href=\"https:\/\/f5.folha.uol.com.br\/cinema-e-series\/2025\/02\/noah-wyle-conta-por-que-aceitou-voltar-ao-pronto-socorro-em-the-pitt-fiquei-chocado.shtml\" rel=\"nofollow noopener\" target=\"\">Noah Wyle<\/a> para a <a href=\"https:\/\/www1.folha.uol.com.br\/folha-topicos\/max\/\" rel=\"nofollow noopener\" target=\"\">HBO Max<\/a>. Sachs \u00e9 um dos m\u00e9dicos que orientam a produ\u00e7\u00e3o.<\/p>\n<p>&#8220;O fato de que algu\u00e9m assistiu e achou que ter\u00edamos problemas foi bastante encorajador&#8221;, afirma Wells, que trabalhou com Sachs, Gemmill e Wyle em &#8220;<a href=\"https:\/\/www1.folha.uol.com.br\/fsp\/tvfolha\/tv08119808.htm\" rel=\"nofollow noopener\" target=\"\">Plant\u00e3o M\u00e9dico<\/a>&#8220;, cl\u00e1ssica s\u00e9rie hospitalar que foi ao ar de 1994 a 2009.<\/p>\n<p>Esse n\u00edvel de verossimilhan\u00e7a norteia toda a produ\u00e7\u00e3o, <a href=\"https:\/\/www1.folha.uol.com.br\/ilustrada\/2025\/09\/emmy-2025-anuncia-series-vencedoras-acompanhe-os-premiados-em-tempo-real.shtml\" rel=\"nofollow noopener\" target=\"_blank\">vencedora de cinco pr\u00eamios Emmy<\/a> em setembro passado, inclusive o de melhor s\u00e9rie dram\u00e1tica. A nova temporada estreia na pr\u00f3xima quinta-feira (8), \u00e0s 22h, na HBO Max, meros 364 dias ap\u00f3s a primeira \u2014um luxo em tempos de <a href=\"https:\/\/www1.folha.uol.com.br\/folha-topicos\/streaming\/\" rel=\"nofollow noopener\" target=\"_blank\">streaming<\/a>\u2014 e quer continuar como a fic\u00e7\u00e3o mais real da televis\u00e3o.<\/p>\n<p><a href=\"https:\/\/f5.folha.uol.com.br\/cinema-e-series\/2025\/05\/por-que-as-narrativas-em-tempo-real-viraram-febre-e-estao-cada-vez-mais-presentes-na-tv.shtml\" rel=\"nofollow noopener\" target=\"_blank\">Cada um dos 15 epis\u00f3dios retrata uma hora de um mesmo plant\u00e3o<\/a>. Na primeira temporada, o dia parecia comum, exceto por ser o anivers\u00e1rio de uma data traum\u00e1tica para o chefe do Departamento de Emerg\u00eancia, Michael Robinavitch, ou dr. Robby, interpretado por Wyle. Ao cair da noite, por\u00e9m, um atentado em um festival de m\u00fasica com dezenas de feridos p\u00f5e os m\u00e9dicos do Pittsburgh Trauma Medical Center no olho de um furac\u00e3o.<\/p>\n<p>A estreia desta semana retoma a hist\u00f3ria dez meses depois, no s\u00e1bado do feriado de Independ\u00eancia dos Estados Unidos, em 4 de julho, uma data que &#8220;desperta a burrice nas pessoas&#8221;, afirma Wells, por sua combina\u00e7\u00e3o de festa, \u00e1lcool, roj\u00f5es e muito calor.<\/p>\n<p>Em uma visita ao set de filmagens da s\u00e9rie, em Los Angeles, em novembro, o assunto mais discutido foram as gavetas. Todas elas, de todos os carrinhos que povoam cada cena, est\u00e3o devidamente estocadas com os mesmos conte\u00fados que teriam se estivessem em um hospital de verdade, \u00e0 exce\u00e7\u00e3o de l\u00e2minas cortantes, agulhas e medicamentos.<\/p>\n<p>H\u00e1 sempre quatro ou cinco enfermeiros no set, que fazem figura\u00e7\u00e3o entre plant\u00f5es no Hospital Providence Saint Joseph, a alguns quarteir\u00f5es do est\u00fadio, al\u00e9m de quatro m\u00e9dicos e Sachs, que tamb\u00e9m \u00e9 roteirista e produtor.<\/p>\n<p>Todos se admiram com a aten\u00e7\u00e3o dada \u00e0s gavetas, gabam-se os membros da produ\u00e7\u00e3o. A \u00fanica cr\u00edtica que receberam, segundo a produtora Michelle Lankwarden, foi a de que estavam cheias demais, e um hospital de alta demanda como esse certamente teria itens em falta.<\/p>\n<p>Apesar de ficcional, &#8220;the pit&#8221; \u2014o buraco, trocadilho n\u00e3o muito carinhoso dado ao pronto-socorro\u2014 quase poderia funcionar em uma emerg\u00eancia real. Segundo o produtor-executivo Michael Hissrich, a s\u00e9rie j\u00e1 partiu do primeiro epis\u00f3dio com cerca de US$ 1 milh\u00e3o, equivalentes a R$ 5,5 milh\u00f5es, em equipamentos reais doados ou emprestados por marcas parceiras.<\/p>\n<p>O cen\u00e1rio do pronto-socorro ocupa cerca de 2.100 metros quadrados em dois galp\u00f5es do hist\u00f3rico est\u00fadio da Warner e foi todo desenhado pela diretora de arte Nina Ruscio antes mesmo que houvesse um roteiro. A ideia era escrever de acordo com o espa\u00e7o dispon\u00edvel, prevendo a din\u00e2mica do movimento de sala a sala.<\/p>\n<p>Por saber que a s\u00e9rie se passaria em Pittsburgh, na Pensilv\u00e2nia, Ruscio pesquisou centros m\u00e9dicos da regi\u00e3o at\u00e9 encontrar o Allegheny General Hospital, que inspira o design do hospital da s\u00e9rie. &#8220;Investiguei fotos no Instagram, mas ningu\u00e9m tira foto no hospital&#8221;, brinca ela, acrescentando que a principal influ\u00eancia do pr\u00e9dio real no ficcional s\u00e3o as colunas.<\/p>\n<p>&#8220;Pittsburgh \u00e9 uma cidade cheia de relevo&#8221;, diz Ruscio, e o &#8220;pit&#8221; fica no t\u00e9rreo, mas enfiado numa encosta, meio subterr\u00e2neo. N\u00e3o h\u00e1 janelas, e a entrada de pedestres \u00e9 como um t\u00fanel. O ambiente \u00e9 &#8220;completamente imersivo, sem interrup\u00e7\u00f5es&#8221;, diz ela.<\/p>\n<p>&#8220;A natureza vol\u00e1til do que fazemos \u00e9 que precisamos, de alguma maneira, nos enganar para mergulhar em uma realidade que n\u00e3o est\u00e1 de fato acontecendo, e a s\u00e9rie torna isso mais f\u00e1cil do que praticamente qualquer outra em que j\u00e1 trabalhei&#8221;, afirma Wyle.<\/p>\n<p><a href=\"https:\/\/f5.folha.uol.com.br\/cinema-e-series\/2025\/02\/noah-wyle-conta-por-que-aceitou-voltar-ao-pronto-socorro-em-the-pitt-fiquei-chocado.shtml\" rel=\"nofollow noopener\" target=\"_blank\">Um dos protagonistas de &#8220;Plant\u00e3o M\u00e9dico&#8221; por 12 de suas 15 temporadas<\/a>, o ganhador do Emmy de melhor ator conta que manteve contato ao longo dos anos com diferentes profissionais de sa\u00fade, de quem ouviu relatos alarmantes sobre o estado da profiss\u00e3o na era da Covid-19.<\/p>\n<p>As crises generalizadas do sistema de sa\u00fade americano e a do estado psicol\u00f3gico de m\u00e9dicos, enfermeiros e demais trabalhadores dessa ind\u00fastria alimentaram a ideia para a nova s\u00e9rie, que propositalmente mant\u00e9m o espectador dentro do hospital quase todo o tempo. &#8220;Voc\u00ea pode virar o rosto, mas n\u00e3o pode escapar dessa experi\u00eancia&#8221;, afirma Wyle.<\/p>\n<p>A hist\u00f3ria contada hora a hora, quase em tempo real, mas limitada ao per\u00edodo do plant\u00e3o, tamb\u00e9m contribui para selar o espectador dentro da realidade do hospital. Nunca vemos como \u00e9 a casa de ningu\u00e9m. &#8220;Se voc\u00ea o tirar deste ambiente, eu n\u00e3o sei se ele \u00e9 um cara muito interessante&#8221;, diz Wyle, sobre seu personagem. &#8220;N\u00e3o sei nem se ele gosta de si mesmo fora daqui.&#8221;<\/p>\n<p>Cada parte do processo criativo leva essa imers\u00e3o em conta. Os atores passam por uma &#8220;escolinha&#8221; de medicina no in\u00edcio de cada temporada para aprender a fazer \u2014ou ao menos imitar\u2014 os principais procedimentos, como intuba\u00e7\u00f5es e suturas.<\/p>\n<p>&#8220;Parte do exerc\u00edcio tamb\u00e9m era tentar ficar de p\u00e9 por 15 horas e notar onde voc\u00ea guarda tens\u00e3o e onde seu corpo come\u00e7a a doer&#8221;, diz o ator, que ainda assina alguns dos roteiros e dirigiu um epis\u00f3dio da nova temporada.<\/p>\n<p>H\u00e1 uma camada extra a interpretar. Um massacre em um festival de m\u00fasica se tornou uma cicatriz coletiva, e cada personagem tem suas pr\u00f3prias maneiras de lidar \u2014ou n\u00e3o\u2014 com ela. A data tamb\u00e9m marca o retorno do doutor Langdon, papel de Patrick Ball, ap\u00f3s dez meses de reabilita\u00e7\u00e3o por um v\u00edcio em drogas.<\/p>\n<p>Quase todo o elenco est\u00e1 de volta para o plant\u00e3o do feriado, ao lado de algumas novidades na equipe, <a href=\"https:\/\/www1.folha.uol.com.br\/ilustrada\/2025\/07\/series-e-atores-que-merecem-ser-indicados-ao-emmy-2025.shtml\" rel=\"nofollow noopener\" target=\"_blank\">composta em sua maioria de rostos pouco conhecidos<\/a>. Tamb\u00e9m essa escolha \u00e9 proposital, diz a produ\u00e7\u00e3o \u2014atores famosos carregam consigo bagagens que tiram o espectador da realidade da s\u00e9rie.<\/p>\n<p>George Clooney, um dos companheiros de Wyle em &#8220;Plant\u00e3o M\u00e9dico&#8221;, recentemente demonstrou interesse em fazer uma ponta em &#8220;The Pitt&#8221;. Questionados sobre a possibilidade de aceitar a oferta, Wells e Gemmill s\u00e3o categ\u00f3ricos: &#8220;N\u00e3o.&#8221;<\/p>\n<p>&#8220;Com todo o respeito, esta \u00e9 uma s\u00e9rie sobre m\u00e9dicos come\u00e7ando na profiss\u00e3o. Aqueles de n\u00f3s que fizemos \u2018Plant\u00e3o M\u00e9dico\u2019 j\u00e1 estar\u00edamos nos aposentando da medicina de emerg\u00eancia&#8221;, brincou Wells. &#8220;Queremos que voc\u00ea entre aqui e acredite que este \u00e9 um lugar real.&#8221;<\/p>\n","protected":false},"excerpt":{"rendered":"&#8220;Joe [Sachs] foi atacado por uma pessoa que disse que n\u00f3s n\u00e3o podemos usar imagens reais na s\u00e9rie.&hellip;\n","protected":false},"author":2,"featured_media":211763,"comment_status":"","ping_status":"","sticky":false,"template":"","format":"standard","meta":{"footnotes":""},"categories":[145],"tags":[211,210,114,115,236,1626,1583,1627,41489,32,33,941,940,218,41488,600],"class_list":{"0":"post-211762","1":"post","2":"type-post","3":"status-publish","4":"format-standard","5":"has-post-thumbnail","7":"category-celebridades","8":"tag-celebridades","9":"tag-celebrities","10":"tag-entertainment","11":"tag-entretenimento","12":"tag-folha","13":"tag-hbo","14":"tag-hbo-max","15":"tag-max","16":"tag-noah-wyle","17":"tag-portugal","18":"tag-pt","19":"tag-series","20":"tag-streaming","21":"tag-televisao","22":"tag-the-pitt","23":"tag-veja-video"},"share_on_mastodon":{"url":"https:\/\/pubeurope.com\/@pt\/115825237203199224","error":""},"_links":{"self":[{"href":"https:\/\/www.europesays.com\/pt\/wp-json\/wp\/v2\/posts\/211762","targetHints":{"allow":["GET"]}}],"collection":[{"href":"https:\/\/www.europesays.com\/pt\/wp-json\/wp\/v2\/posts"}],"about":[{"href":"https:\/\/www.europesays.com\/pt\/wp-json\/wp\/v2\/types\/post"}],"author":[{"embeddable":true,"href":"https:\/\/www.europesays.com\/pt\/wp-json\/wp\/v2\/users\/2"}],"replies":[{"embeddable":true,"href":"https:\/\/www.europesays.com\/pt\/wp-json\/wp\/v2\/comments?post=211762"}],"version-history":[{"count":0,"href":"https:\/\/www.europesays.com\/pt\/wp-json\/wp\/v2\/posts\/211762\/revisions"}],"wp:featuredmedia":[{"embeddable":true,"href":"https:\/\/www.europesays.com\/pt\/wp-json\/wp\/v2\/media\/211763"}],"wp:attachment":[{"href":"https:\/\/www.europesays.com\/pt\/wp-json\/wp\/v2\/media?parent=211762"}],"wp:term":[{"taxonomy":"category","embeddable":true,"href":"https:\/\/www.europesays.com\/pt\/wp-json\/wp\/v2\/categories?post=211762"},{"taxonomy":"post_tag","embeddable":true,"href":"https:\/\/www.europesays.com\/pt\/wp-json\/wp\/v2\/tags?post=211762"}],"curies":[{"name":"wp","href":"https:\/\/api.w.org\/{rel}","templated":true}]}}