{"id":211789,"date":"2026-01-02T11:40:24","date_gmt":"2026-01-02T11:40:24","guid":{"rendered":"https:\/\/www.europesays.com\/pt\/211789\/"},"modified":"2026-01-02T11:40:24","modified_gmt":"2026-01-02T11:40:24","slug":"operacao-so-cacareco-percorre-bairros-novos-bairros-proxima-semana-veja-quais","status":"publish","type":"post","link":"https:\/\/www.europesays.com\/pt\/211789\/","title":{"rendered":"Opera\u00e7\u00e3o S\u00f3 Cacareco percorre bairros novos bairros pr\u00f3xima semana; veja quais"},"content":{"rendered":"<p>A <strong>Opera\u00e7\u00e3o S\u00f3 Cacareco<\/strong>, promovida pela <strong>Secretaria de Obras e Servi\u00e7os P\u00fablicos de Limeira<\/strong>, atender\u00e1 bairros da regi\u00e3o do Cecap na pr\u00f3xima semana. A a\u00e7\u00e3o tem como objetivo o recolhimento de materiais inserv\u00edveis e integra o programa municipal de preven\u00e7\u00e3o e combate \u00e0 dengue.<\/p>\n<p>Ser\u00e3o atendidos o <strong>Conjunto Residencial Victor D\u2019Andrea<\/strong>,<strong> Jardim Gustavo Picinini, Jardim Residencial Recanto Alvorada e Jardim Alvorada. <\/strong>Os moradores devem colocar os itens a serem descartados na cal\u00e7ada na v\u00e9spera da coleta. Para orientar a popula\u00e7\u00e3o, filipetas informativas j\u00e1 foram distribu\u00eddas nos bairros que receber\u00e3o o servi\u00e7o.<\/p>\n<p>De acordo com a prefeitura, a retirada de materiais acumulados \u00e9 fundamental para evitar a prolifera\u00e7\u00e3o do mosquito Aedes aegypti, transmissor da dengue, zika e chikungunya, j\u00e1 que objetos descartados de forma inadequada podem servir de criadouros.<\/p>\n<p>Confira o cronograma:<\/p>\n<ul class=\"wp-block-list\">\n<li>Segunda-feira (5) \u2013 Conj. Residencial Victor D\u2019Andrea<\/li>\n<li>Ter\u00e7a-feira (6) \u2013 Conj. Residencial Victor D\u2019Andrea<\/li>\n<li>Quarta-feira (7) \u2013 Conj. Residencial Victor D\u2019Andrea<\/li>\n<li>Quinta-feira (8) \u2013 Jd. Gustavo Picinini<\/li>\n<li>Sexta-feira (9) \u2013 Jd. Residencial Recanto Alvorada e Jd. Alvorada<\/li>\n<\/ul>\n<p>A Secretaria de Obras informa ainda que, em caso de chuva intensa, o servi\u00e7o poder\u00e1 ser suspenso, j\u00e1 que as condi\u00e7\u00f5es clim\u00e1ticas impossibilitam a realiza\u00e7\u00e3o da coleta.<\/p>\n<p><strong>Fique ON<\/strong><\/p>\n<p><strong>Quer ficar ligado em tudo o que rola em Campinas?<\/strong>\u00a0Siga o\u00a0<a href=\"https:\/\/www.instagram.com\/acidadeoncampinas\/\" target=\"_blank\" rel=\"noreferrer noopener nofollow\"><strong>perfil do acidade on Campinas no Instagram<\/strong>\u00a0<\/a>e tamb\u00e9m no\u00a0<a href=\"https:\/\/www.facebook.com\/acidadeoncampinas\/\" target=\"_blank\" rel=\"noreferrer noopener nofollow\"><strong>Facebook<\/strong><\/a>.<\/p>\n<p>Receba not\u00edcias do\u00a0<strong>acidade on Campinas\u00a0<\/strong>no WhatsApp e fique por dentro de tudo! Basta acessar o link\u00a0<strong><a href=\"https:\/\/www.whatsapp.com\/channel\/0029Vb5uWWK8PgsF3V3ruy35\" target=\"_blank\" rel=\"noreferrer noopener nofollow\">aqui<\/a>!<\/strong><\/p>\n<p><strong>Fa\u00e7a uma den\u00fancia ou sugira uma reportagem sobre Campinas e regi\u00e3o por meio do WhatsApp do acidade on Campinas: (19) 97159-8294<\/strong>.<\/p>\n<p>Tamb\u00e9m estamos on no\u00a0<strong><a href=\"https:\/\/www.threads.com\/@acidadeoncampinas\" target=\"_blank\" rel=\"noreferrer noopener nofollow\">Threads\u00a0<\/a><\/strong>e no\u00a0<strong><a href=\"https:\/\/www.youtube.com\/@ACidadeONoficial\" target=\"_blank\" rel=\"noreferrer noopener nofollow\">Youtube<\/a><\/strong>.<\/p>\n<p><strong>LEIA MAIS<\/strong><\/p>\n<p><strong><a href=\"https:\/\/www.acidadeon.com\/campinas\/cotidiano\/mais-da-metade-dos-adultos-em-sao-paulo-esta-endividada-e-com-nome-negativado-aponta-levantamento\/\" rel=\"nofollow noopener\" target=\"_blank\">Mais da metade dos adultos em S\u00e3o Paulo est\u00e1 endividada e com nome negativado, aponta levantamento<\/a><\/strong><\/p>\n<p><strong><a href=\"https:\/\/www.acidadeon.com\/campinas\/cotidiano\/video-motociclista-morre-apos-ser-atingido-por-carro-que-nao-acionou-a-seta\/\" rel=\"nofollow noopener\" target=\"_blank\">V\u00cdDEO: motociclista morre ap\u00f3s ser atingido por carro que n\u00e3o acionou a seta<\/a><\/strong><\/p>\n<p><strong><a href=\"https:\/\/www.acidadeon.com\/campinas\/cotidiano\/semana-do-ano-novo-comeca-com-alerta-para-tempestades-em-todo-o-estado-de-sp-veja-areas-mais-afetadas\/\" rel=\"nofollow noopener\" target=\"_blank\">Semana do Ano Novo come\u00e7a com alerta para tempestades em todo o estado de SP; veja \u00e1reas mais afetadas<\/a><\/strong><\/p>\n<p><script async src=\"\/\/www.instagram.com\/embed.js\"><\/script><\/p>\n","protected":false},"excerpt":{"rendered":"A Opera\u00e7\u00e3o S\u00f3 Cacareco, promovida pela Secretaria de Obras e Servi\u00e7os P\u00fablicos de Limeira, atender\u00e1 bairros da regi\u00e3o&hellip;\n","protected":false},"author":2,"featured_media":211790,"comment_status":"","ping_status":"","sticky":false,"template":"","format":"standard","meta":{"footnotes":""},"categories":[86],"tags":[116,5750,32,33,117],"class_list":{"0":"post-211789","1":"post","2":"type-post","3":"status-publish","4":"format-standard","5":"has-post-thumbnail","7":"category-saude","8":"tag-health","9":"tag-operacao","10":"tag-portugal","11":"tag-pt","12":"tag-saude"},"share_on_mastodon":{"url":"https:\/\/pubeurope.com\/@pt\/115825319869697395","error":""},"_links":{"self":[{"href":"https:\/\/www.europesays.com\/pt\/wp-json\/wp\/v2\/posts\/211789","targetHints":{"allow":["GET"]}}],"collection":[{"href":"https:\/\/www.europesays.com\/pt\/wp-json\/wp\/v2\/posts"}],"about":[{"href":"https:\/\/www.europesays.com\/pt\/wp-json\/wp\/v2\/types\/post"}],"author":[{"embeddable":true,"href":"https:\/\/www.europesays.com\/pt\/wp-json\/wp\/v2\/users\/2"}],"replies":[{"embeddable":true,"href":"https:\/\/www.europesays.com\/pt\/wp-json\/wp\/v2\/comments?post=211789"}],"version-history":[{"count":0,"href":"https:\/\/www.europesays.com\/pt\/wp-json\/wp\/v2\/posts\/211789\/revisions"}],"wp:featuredmedia":[{"embeddable":true,"href":"https:\/\/www.europesays.com\/pt\/wp-json\/wp\/v2\/media\/211790"}],"wp:attachment":[{"href":"https:\/\/www.europesays.com\/pt\/wp-json\/wp\/v2\/media?parent=211789"}],"wp:term":[{"taxonomy":"category","embeddable":true,"href":"https:\/\/www.europesays.com\/pt\/wp-json\/wp\/v2\/categories?post=211789"},{"taxonomy":"post_tag","embeddable":true,"href":"https:\/\/www.europesays.com\/pt\/wp-json\/wp\/v2\/tags?post=211789"}],"curies":[{"name":"wp","href":"https:\/\/api.w.org\/{rel}","templated":true}]}}