{"id":211800,"date":"2026-01-02T11:46:34","date_gmt":"2026-01-02T11:46:34","guid":{"rendered":"https:\/\/www.europesays.com\/pt\/211800\/"},"modified":"2026-01-02T11:46:34","modified_gmt":"2026-01-02T11:46:34","slug":"aspirinas-e-desporto-trump-da-detalhes-sobre-a-sua-saude-observador","status":"publish","type":"post","link":"https:\/\/www.europesays.com\/pt\/211800\/","title":{"rendered":"Aspirinas e desporto. Trump d\u00e1 detalhes sobre a sua sa\u00fade \u2013 Observador"},"content":{"rendered":"<p>Tem havido muita especula\u00e7\u00e3o sobre o estado de sa\u00fade do Presidente norte-americano. Aos 79 anos, Donald Trump garante que a sua forma f\u00edsica \u201cest\u00e1 perfeita\u201d, recusando as alega\u00e7\u00f5es de que estaria doente, principalmente ap\u00f3s terem surgido fotografias de hematomas nas m\u00e3os ou pernas inchadas. \u201cA gen\u00e9tica \u00e9 muito importante. E eu tenho boa gen\u00e9tica\u201d, <a href=\"https:\/\/www.wsj.com\/us-news\/as-signs-of-aging-emerge-trump-responds-with-defiance-769c5dcd?mod=hp_lead_pos1\" rel=\"nofollow noopener\" target=\"_blank\">disse<\/a> o l\u00edder norte-americano numa entrevista ao Wall Street Journal.<\/p>\n<p>Os hematomas s\u00e3o causados principalmente pelo n\u00famero de aspirinas que toma. Donald Trump revelou que os m\u00e9dicos lhe t\u00eam aconselhado a tomar uma dose menor, mas que tem recusado os conselhos m\u00e9dicos. \u201cSou um pouco supersticioso\u201d, justificou o Presidente norte-americano, frisando que tem tomado a mesma quantidade h\u00e1 25 anos.<\/p>\n<p>\u201cDizem que a aspirina faz bem para tornar o sangue fino. Eu n\u00e3o quero sangue grosso a circular pelo meu cora\u00e7\u00e3o. Quero sangue fino e agrad\u00e1vel a circular pelo cora\u00e7\u00e3o\u201d, destacou Donald Trump. \u201cEles querem que eu tome uma dose inferior [de aspirina]. Eu tomo a maior, mas tenho feito isso durante anos e \u00e9 o que causa \u00e9 ferimentos\u201d, continuou o l\u00edder norte-americano.<\/p>\n<p>O m\u00e9dico do Presidente, Sean Barbabella, especificou ao Wall Street Journal que Donald Trump toma <strong>325 miligramas de aspirina<\/strong> para efeitos de \u201cpreven\u00e7\u00e3o card\u00edaca\u201d \u2014 a dose recomendada para um adulto \u00e9 de 85 miligramas. Mesmo assim, sinalizou que o l\u00edder norte-americano tem uma \u201csa\u00fade excecional\u201d e est\u00e1 \u201cperfeitamente apto para desempenhar as suas fun\u00e7\u00f5es de comandante-chefe\u201d.<\/p>\n<p>Noutros detalhes sobre a sua sa\u00fade, Donald Trump assinalou que n\u00e3o pratica exerc\u00edcio f\u00edsico, a n\u00e3o ser golfe. \u201cN\u00e3o gosto. \u00c9 aborrecido. Estar a andar numa passadeira ou correr numa passadeira por horas e horas como algumas pessoas fazem n\u00e3o \u00e9 para mim\u201d, justificou o Presidente norte-americano.<\/p>\n<p>O l\u00edder norte-americano referiu tamb\u00e9m que tem problemas a dormir \u00e0 noite. Por vezes, est\u00e1 acordado at\u00e9 \u00e0s 2h00. <strong>\u201cNunca fui de dormir muito\u201d,<\/strong> afirmou Donald Trump. Normalmente, o Presidente dos Estados Unidos acorda cedo, mas s\u00f3 come\u00e7a a trabalhar por volta das 10h00.<\/p>\n<p>Questionado sobre as fotografias em que aparece com os olhos fechados em alguns eventos, Donald Trump disse que apenas os \u201cfecha\u201d temporariamente: <strong>\u201c\u00c9 muito relaxante\u201d.<\/strong> O chefe de Estado norte-americano explicou tamb\u00e9m que h\u00e1 fot\u00f3grafos que o apanham a piscar os olhos e que isso d\u00e1 a apar\u00eancia de que est\u00e1 a dormir.<\/p>\n<p>No mesmo sentido, Donald Trump recusou sofrer de problemas auditivos. Apenas \u201cquando h\u00e1 muitas pessoas a falar\u201d \u00e9 que relata que tem mais dificuldades. O m\u00e9dico do Presidente exp\u00f4s que a audi\u00e7\u00e3o do l\u00edder norte-americano \u00e9 \u201cnormal\u201d \u2014 e que n\u00e3o usa aparelho auditivo.<\/p>\n<p>Donald Trump foi diagnosticado com <strong>doen\u00e7a venosa cr\u00f3nica<\/strong> em julho de 2025. O chefe de Estado tentou usar meias de compress\u00e3o, mas assinalou ao Wall Street Journal \u201cque n\u00e3o gostou\u201d de as usar. O Presidente norte-americano garantiu que este problema de sa\u00fade est\u00e1 a melhorar, uma vez que tem caminhado um pouco mais, o que melhora os sintomas.<\/p>\n","protected":false},"excerpt":{"rendered":"Tem havido muita especula\u00e7\u00e3o sobre o estado de sa\u00fade do Presidente norte-americano. Aos 79 anos, Donald Trump garante&hellip;\n","protected":false},"author":2,"featured_media":211801,"comment_status":"","ping_status":"","sticky":false,"template":"","format":"standard","meta":{"footnotes":""},"categories":[8],"tags":[624,27,28,92,623,15,16,14,25,26,21,22,62,12,13,19,20,32,4497,23,24,33,17,18,29,30,31],"class_list":{"0":"post-211800","1":"post","2":"type-post","3":"status-publish","4":"format-standard","5":"has-post-thumbnail","7":"category-principais-noticias","8":"tag-amu00e9rica","9":"tag-breaking-news","10":"tag-breakingnews","11":"tag-donald-trump","12":"tag-estados-unidos-da-amu00e9rica","13":"tag-featured-news","14":"tag-featurednews","15":"tag-headlines","16":"tag-latest-news","17":"tag-latestnews","18":"tag-main-news","19":"tag-mainnews","20":"tag-mundo","21":"tag-news","22":"tag-noticias","23":"tag-noticias-principais","24":"tag-noticiasprincipais","25":"tag-portugal","26":"tag-presidente-trump","27":"tag-principais-noticias","28":"tag-principaisnoticias","29":"tag-pt","30":"tag-top-stories","31":"tag-topstories","32":"tag-ultimas","33":"tag-ultimas-noticias","34":"tag-ultimasnoticias"},"share_on_mastodon":{"url":"https:\/\/pubeurope.com\/@pt\/115825343509082348","error":""},"_links":{"self":[{"href":"https:\/\/www.europesays.com\/pt\/wp-json\/wp\/v2\/posts\/211800","targetHints":{"allow":["GET"]}}],"collection":[{"href":"https:\/\/www.europesays.com\/pt\/wp-json\/wp\/v2\/posts"}],"about":[{"href":"https:\/\/www.europesays.com\/pt\/wp-json\/wp\/v2\/types\/post"}],"author":[{"embeddable":true,"href":"https:\/\/www.europesays.com\/pt\/wp-json\/wp\/v2\/users\/2"}],"replies":[{"embeddable":true,"href":"https:\/\/www.europesays.com\/pt\/wp-json\/wp\/v2\/comments?post=211800"}],"version-history":[{"count":0,"href":"https:\/\/www.europesays.com\/pt\/wp-json\/wp\/v2\/posts\/211800\/revisions"}],"wp:featuredmedia":[{"embeddable":true,"href":"https:\/\/www.europesays.com\/pt\/wp-json\/wp\/v2\/media\/211801"}],"wp:attachment":[{"href":"https:\/\/www.europesays.com\/pt\/wp-json\/wp\/v2\/media?parent=211800"}],"wp:term":[{"taxonomy":"category","embeddable":true,"href":"https:\/\/www.europesays.com\/pt\/wp-json\/wp\/v2\/categories?post=211800"},{"taxonomy":"post_tag","embeddable":true,"href":"https:\/\/www.europesays.com\/pt\/wp-json\/wp\/v2\/tags?post=211800"}],"curies":[{"name":"wp","href":"https:\/\/api.w.org\/{rel}","templated":true}]}}