{"id":211819,"date":"2026-01-02T11:59:09","date_gmt":"2026-01-02T11:59:09","guid":{"rendered":"https:\/\/www.europesays.com\/pt\/211819\/"},"modified":"2026-01-02T11:59:09","modified_gmt":"2026-01-02T11:59:09","slug":"oito-distritos-sob-aviso-amarelo-previsao-de-chuva-forte-e-vento-que-pode-chegar-aos-110-km-hora","status":"publish","type":"post","link":"https:\/\/www.europesays.com\/pt\/211819\/","title":{"rendered":"Oito distritos sob aviso amarelo: previs\u00e3o de chuva forte e vento que pode chegar aos 110 km\/ hora"},"content":{"rendered":"<p class=\"category\"><a href=\"https:\/\/sicnoticias.pt\/meteorologia\" rel=\"nofollow noopener\" target=\"_blank\">Meteorologia<\/a><\/p>\n<p>Os distritos da Guarda, Castelo Branco, Coimbra, Leiria, Lisboa, Set\u00fabal, Beja e Faro est\u00e3o esta sexta-feira sob aviso amarelo. Est\u00e1 prevista chuva, vento forte e agita\u00e7\u00e3o mar\u00edtima. <\/p>\n<p><img decoding=\"async\" src=\"https:\/\/www.europesays.com\/pt\/wp-content\/uploads\/2026\/01\/1767355149_212_original.webp\" alt=\"Oito distritos sob aviso amarelo: previs\u00e3o de chuva forte e vento que pode chegar aos 110 km\/ hora\"\/><\/p>\n<p>ESTELA SILVA<\/p>\n<p>De acordo com um comunicado do IPMA, os distritos da Guarda, Castelo Branco, Coimbra, Leiria, Lisboa, Set\u00fabal, Beja e Faro est\u00e3o sob alerta devido ao vento de sul\/sueste, com rajadas que poder\u00e3o atingir 110 quil\u00f3metros por hora (km\/h) nas terras altas.<\/p>\n<p>Al\u00e9m disso, o aviso amarelo tamb\u00e9m foi imposto, devido \u00e0 agita\u00e7\u00e3o mar\u00edtima, com ondas cuja altura pode chegar a 2,5 metros, no distrito de Faro.<\/p>\n<p>A precipita\u00e7\u00e3o por vezes forte, que pode ser acompanhada de trovoada, levou ainda o IPMA a emitir um alerta para os distritos de Lisboa, Set\u00fabal, Beja e Faro.<\/p>\n<p>O aviso amarelo, o menos grave numa escala de tr\u00eas, significa um risco moderado ou &#8220;perigo potencial&#8221; devido a uma situa\u00e7\u00e3o meteorol\u00f3gica, como chuva forte, ventos ou outros fen\u00f3menos, que pode causar transtornos, mas com uma probabilidade baixa a moderada de causar danos significativos.<\/p>\n","protected":false},"excerpt":{"rendered":"Meteorologia Os distritos da Guarda, Castelo Branco, Coimbra, Leiria, Lisboa, Set\u00fabal, Beja e Faro est\u00e3o esta sexta-feira sob&hellip;\n","protected":false},"author":2,"featured_media":211820,"comment_status":"","ping_status":"","sticky":false,"template":"","format":"standard","meta":{"footnotes":""},"categories":[10],"tags":[27,28,15,16,14,25,26,21,22,12,13,19,20,32,23,24,33,17,18,29,30,31],"class_list":{"0":"post-211819","1":"post","2":"type-post","3":"status-publish","4":"format-standard","5":"has-post-thumbnail","7":"category-portugal","8":"tag-breaking-news","9":"tag-breakingnews","10":"tag-featured-news","11":"tag-featurednews","12":"tag-headlines","13":"tag-latest-news","14":"tag-latestnews","15":"tag-main-news","16":"tag-mainnews","17":"tag-news","18":"tag-noticias","19":"tag-noticias-principais","20":"tag-noticiasprincipais","21":"tag-portugal","22":"tag-principais-noticias","23":"tag-principaisnoticias","24":"tag-pt","25":"tag-top-stories","26":"tag-topstories","27":"tag-ultimas","28":"tag-ultimas-noticias","29":"tag-ultimasnoticias"},"share_on_mastodon":{"url":"https:\/\/pubeurope.com\/@pt\/115825394566359394","error":""},"_links":{"self":[{"href":"https:\/\/www.europesays.com\/pt\/wp-json\/wp\/v2\/posts\/211819","targetHints":{"allow":["GET"]}}],"collection":[{"href":"https:\/\/www.europesays.com\/pt\/wp-json\/wp\/v2\/posts"}],"about":[{"href":"https:\/\/www.europesays.com\/pt\/wp-json\/wp\/v2\/types\/post"}],"author":[{"embeddable":true,"href":"https:\/\/www.europesays.com\/pt\/wp-json\/wp\/v2\/users\/2"}],"replies":[{"embeddable":true,"href":"https:\/\/www.europesays.com\/pt\/wp-json\/wp\/v2\/comments?post=211819"}],"version-history":[{"count":0,"href":"https:\/\/www.europesays.com\/pt\/wp-json\/wp\/v2\/posts\/211819\/revisions"}],"wp:featuredmedia":[{"embeddable":true,"href":"https:\/\/www.europesays.com\/pt\/wp-json\/wp\/v2\/media\/211820"}],"wp:attachment":[{"href":"https:\/\/www.europesays.com\/pt\/wp-json\/wp\/v2\/media?parent=211819"}],"wp:term":[{"taxonomy":"category","embeddable":true,"href":"https:\/\/www.europesays.com\/pt\/wp-json\/wp\/v2\/categories?post=211819"},{"taxonomy":"post_tag","embeddable":true,"href":"https:\/\/www.europesays.com\/pt\/wp-json\/wp\/v2\/tags?post=211819"}],"curies":[{"name":"wp","href":"https:\/\/api.w.org\/{rel}","templated":true}]}}