{"id":211851,"date":"2026-01-02T12:26:14","date_gmt":"2026-01-02T12:26:14","guid":{"rendered":"https:\/\/www.europesays.com\/pt\/211851\/"},"modified":"2026-01-02T12:26:14","modified_gmt":"2026-01-02T12:26:14","slug":"sera-mais-pratico-autenticar-o-real-do-que-detetar-o-falso","status":"publish","type":"post","link":"https:\/\/www.europesays.com\/pt\/211851\/","title":{"rendered":"ser\u00e1 mais pr\u00e1tico autenticar o real do que detetar o falso"},"content":{"rendered":"<p>A crescente onda de conte\u00fado gerado por intelig\u00eancia artificial (IA) est\u00e1 a transformar as redes sociais de forma irrevers\u00edvel. Face a esta realidade, o diretor do Instagram, Adam Mosseri, sugere uma mudan\u00e7a de paradigma radical: em vez de tentar detetar o que \u00e9 falso, a solu\u00e7\u00e3o poder\u00e1 passar por certificar o que \u00e9 real.<\/p>\n<p style=\"text-align: center;\"><a target=\"_blank\" href=\"https:\/\/pplware.sapo.pt\/wp-content\/uploads\/2022\/11\/adam_mosseri_instagram00.jpg\" onclick=\"refreshIframe()\" class=\"foobox\" rel=\"nofollow noopener\"><img fetchpriority=\"high\" decoding=\"async\" src=\"https:\/\/www.europesays.com\/pt\/wp-content\/uploads\/2026\/01\/adam_mosseri_instagram00-1024x576.jpg\" alt=\"Adam Mosseri, chefe do Instagram\" width=\"720\" height=\"405\" class=\"alignnone size-large wp-image-885239\"  \/><\/a><\/p>\n<p>Uma nova realidade nos feeds<\/p>\n<p>N\u00e3o \u00e9 novidade que o conte\u00fado gerado por IA tem vindo a dominar os nossos feeds nas redes sociais. Adam Mosseri, o principal executivo do Instagram, deixou claro que antecipa um futuro onde o conte\u00fado sint\u00e9tico ir\u00e1 ultrapassar as imagens tradicionais, uma mudan\u00e7a com implica\u00e7\u00f5es profundas para criadores e fot\u00f3grafos.<\/p>\n<p>Numa <a target=\"_blank\" href=\"https:\/\/www.threads.com\/@mosseri\/post\/DS76UiklIDf\/media\" rel=\"nofollow noopener\">publica\u00e7\u00e3o<\/a> detalhada sobre as tend\u00eancias que espera ver no Instagram, Mosseri ofereceu uma avalia\u00e7\u00e3o notavelmente franca sobre o impacto da IA na plataforma.<\/p>\n<blockquote>\n<p>Tudo o que tornava os criadores relevantes &#8211; a capacidade de serem genu\u00ednos, de se conectarem, de terem uma voz que n\u00e3o podia ser falsificada &#8211; est\u00e1 agora, de repente, acess\u00edvel a qualquer pessoa com as ferramentas certas.<\/p>\n<p>Os feeds est\u00e3o a come\u00e7ar a ser preenchidos por material sint\u00e9tico.<\/p>\n<\/blockquote>\n<p>Escreveu.<\/p>\n<p>No entanto, Mosseri n\u00e3o parece excessivamente preocupado com esta transforma\u00e7\u00e3o. O executivo afirma que existe &#8220;muito conte\u00fado de IA incr\u00edvel&#8221; e que a plataforma poder\u00e1 ter de repensar a sua abordagem \u00e0 etiquetagem de tais imagens, optando por &#8220;autenticar os conte\u00fados reais, em vez de perseguir os falsos&#8221;.<\/p>\n<p style=\"text-align: center;\"><a target=\"_blank\" href=\"https:\/\/pplware.sapo.pt\/wp-content\/uploads\/2025\/10\/instagram_1.jpg\" onclick=\"refreshIframe()\" class=\"foobox\" rel=\"nofollow noopener\"><img loading=\"lazy\" decoding=\"async\" src=\"https:\/\/www.europesays.com\/pt\/wp-content\/uploads\/2026\/01\/instagram_1-1024x576.jpg\" alt=\"\" width=\"720\" height=\"405\" class=\"alignnone size-large wp-image-1081325\"  \/><\/a><\/p>\n<p>A solu\u00e7\u00e3o para a IA: autenticar o real em vez de detetar o falso<\/p>\n<p>Nas palavras do pr\u00f3prio Mosseri, com o seu destaque:<\/p>\n<blockquote>\n<p>As plataformas de redes sociais estar\u00e3o sob crescente press\u00e3o para identificar e rotular o conte\u00fado gerado por IA como tal. Todas as grandes plataformas far\u00e3o um bom trabalho a identificar conte\u00fado de IA, mas tornar-se-\u00e3o piores nisso ao longo do tempo, \u00e0 medida que a IA melhora a sua capacidade de imitar a realidade.<\/p>\n<p>J\u00e1 existe um n\u00famero crescente de pessoas que acreditam, como eu, que ser\u00e1 mais pr\u00e1tico autenticar os conte\u00fados reais do que os falsos. Os fabricantes de c\u00e2maras poderiam assinar criptograficamente as imagens no momento da captura, criando uma cadeia de cust\u00f3dia.<\/p>\n<\/blockquote>\n<p>Esta abordagem parece, de facto, mais pragm\u00e1tica para a Meta. As tecnologias atuais destinadas a identificar conte\u00fado de IA, como as marcas d&#8217;\u00e1gua, demonstraram ser pouco fi\u00e1veis. <strong>S\u00e3o f\u00e1ceis de remover e ainda mais f\u00e1ceis de ignorar<\/strong>.<\/p>\n<p>As pr\u00f3prias etiquetas da Meta s\u00e3o pouco claras e a empresa, que investiu dezenas de milhares de milh\u00f5es de euros em IA s\u00f3 este ano,<strong> j\u00e1 admitiu n\u00e3o conseguir detetar de forma fi\u00e1vel todo o conte\u00fado gerado ou manipulado por IA na sua plataforma<\/strong>.<\/p>\n<p style=\"text-align: center;\"><a target=\"_blank\" href=\"https:\/\/www.europesays.com\/pt\/wp-content\/uploads\/2026\/01\/mark-zuckerberg-facebook.jpg\" onclick=\"refreshIframe()\" class=\"foobox\"><img loading=\"lazy\" decoding=\"async\" src=\"https:\/\/www.europesays.com\/pt\/wp-content\/uploads\/2026\/01\/mark-zuckerberg-facebook.jpg\" alt=\"mark zuckerberg facebook\" width=\"1024\" height=\"576\" class=\"alignnone size-full wp-image-868848\"  \/><\/a><\/p>\n<p>Uma admiss\u00e3o de derrota<\/p>\n<p>O facto de Mosseri admitir t\u00e3o prontamente a derrota nesta quest\u00e3o \u00e9 revelador. A batalha contra a prolifera\u00e7\u00e3o de conte\u00fado sint\u00e9tico de baixa qualidade parece estar perdida. E no que toca a ajudar os 3 mil milh\u00f5es de utilizadores do Instagram a distinguir o que \u00e9 real, a responsabilidade, sugere ele, <strong>deveria ser de outros, e n\u00e3o da Meta<\/strong>.<\/p>\n<p>A ideia \u00e9 que os fabricantes de c\u00e2maras &#8211; presumivelmente tanto de telem\u00f3veis como de equipamentos fotogr\u00e1ficos profissionais &#8211; desenvolvam o seu pr\u00f3prio sistema de &#8220;verifica\u00e7\u00e3o de autenticidade no momento da captura&#8221;. Contudo, Mosseri oferece poucos detalhes sobre como tal sistema funcionaria <strong>ou como seria implementado na escala necess\u00e1ria para se tornar vi\u00e1vel<\/strong>.<\/p>\n<p>Mosseri tamb\u00e9m n\u00e3o aborda diretamente como esta nova dire\u00e7\u00e3o poder\u00e1 afastar os muitos fot\u00f3grafos e criadores do Instagram que j\u00e1 se sentem frustrados com a aplica\u00e7\u00e3o. O executivo recebe regularmente queixas de utilizadores que questionam por que motivo o algoritmo da plataforma <strong>n\u00e3o distribui consistentemente as suas publica\u00e7\u00f5es aos seus pr\u00f3prios seguidores<\/strong>.<\/p>\n<p>A resposta de Mosseri sugere que estas queixas derivam de uma vis\u00e3o ultrapassada do que \u00e9 o Instagram. O feed de imagens quadradas e &#8220;polidas&#8221;, afirma, &#8220;est\u00e1 morto&#8221;. Na sua opini\u00e3o, as empresas de c\u00e2maras &#8220;est\u00e3o a apostar na est\u00e9tica errada&#8221; ao tentar &#8220;fazer com que todos pare\u00e7am fot\u00f3grafos profissionais do passado&#8221;.<\/p>\n<p>Em vez disso, defende que imagens mais &#8220;cruas&#8221; e &#8220;pouco lisonjeiras&#8221; ser\u00e3o a forma de os criadores provarem que s\u00e3o reais e n\u00e3o gerados por IA. Num mundo onde o Instagram ter\u00e1 mais conte\u00fado sint\u00e9tico do que real, a prioridade dos criadores dever\u00e1 ser a produ\u00e7\u00e3o de imagens e v\u00eddeos que, intencionalmente, <strong>pare\u00e7am menos perfeitos<\/strong>.<\/p>\n<p>\u00a0<\/p>\n<p><strong>Leia tamb\u00e9m:<\/strong><\/p>\n","protected":false},"excerpt":{"rendered":"A crescente onda de conte\u00fado gerado por intelig\u00eancia artificial (IA) est\u00e1 a transformar as redes sociais de forma&hellip;\n","protected":false},"author":2,"featured_media":211852,"comment_status":"","ping_status":"","sticky":false,"template":"","format":"standard","meta":{"footnotes":""},"categories":[83],"tags":[88,89,90,414,1015,41497,32,33],"class_list":{"0":"post-211851","1":"post","2":"type-post","3":"status-publish","4":"format-standard","5":"has-post-thumbnail","7":"category-empresas","8":"tag-business","9":"tag-economy","10":"tag-empresas","11":"tag-ia","12":"tag-instagram","13":"tag-mosseri","14":"tag-portugal","15":"tag-pt"},"share_on_mastodon":{"url":"https:\/\/pubeurope.com\/@pt\/115825500760513879","error":""},"_links":{"self":[{"href":"https:\/\/www.europesays.com\/pt\/wp-json\/wp\/v2\/posts\/211851","targetHints":{"allow":["GET"]}}],"collection":[{"href":"https:\/\/www.europesays.com\/pt\/wp-json\/wp\/v2\/posts"}],"about":[{"href":"https:\/\/www.europesays.com\/pt\/wp-json\/wp\/v2\/types\/post"}],"author":[{"embeddable":true,"href":"https:\/\/www.europesays.com\/pt\/wp-json\/wp\/v2\/users\/2"}],"replies":[{"embeddable":true,"href":"https:\/\/www.europesays.com\/pt\/wp-json\/wp\/v2\/comments?post=211851"}],"version-history":[{"count":0,"href":"https:\/\/www.europesays.com\/pt\/wp-json\/wp\/v2\/posts\/211851\/revisions"}],"wp:featuredmedia":[{"embeddable":true,"href":"https:\/\/www.europesays.com\/pt\/wp-json\/wp\/v2\/media\/211852"}],"wp:attachment":[{"href":"https:\/\/www.europesays.com\/pt\/wp-json\/wp\/v2\/media?parent=211851"}],"wp:term":[{"taxonomy":"category","embeddable":true,"href":"https:\/\/www.europesays.com\/pt\/wp-json\/wp\/v2\/categories?post=211851"},{"taxonomy":"post_tag","embeddable":true,"href":"https:\/\/www.europesays.com\/pt\/wp-json\/wp\/v2\/tags?post=211851"}],"curies":[{"name":"wp","href":"https:\/\/api.w.org\/{rel}","templated":true}]}}