{"id":211861,"date":"2026-01-02T12:33:07","date_gmt":"2026-01-02T12:33:07","guid":{"rendered":"https:\/\/www.europesays.com\/pt\/211861\/"},"modified":"2026-01-02T12:33:07","modified_gmt":"2026-01-02T12:33:07","slug":"um-dia-apos-a-saida-de-secret-story-ha-uma-importante-revelacao-sobre-a-filha-de-pedro-jorge-e-marisa-e-liliana","status":"publish","type":"post","link":"https:\/\/www.europesays.com\/pt\/211861\/","title":{"rendered":"Um dia ap\u00f3s a sa\u00edda de &#8220;Secret Story&#8221;, h\u00e1 uma importante revela\u00e7\u00e3o sobre a filha de Pedro Jorge e Marisa&#8230; e Liliana!"},"content":{"rendered":"<p>No passado dia 31 de dezembro, terminou a aventura de &#8220;<a href=\"https:\/\/tvi.iol.pt\/secretstory\/\" target=\"_blank\" rel=\"nofollow noopener\">Secret Story &#8211; Casa dos Segredos<\/a>&#8221; para Marisa Pires, Liliana Oliveira e <a href=\"https:\/\/selfie.iol.pt\/famosos\/secret-story-casa-dos-segredos-9\/pedro-jorge-em-lagrimas-o-trabalho-o-carro-e-a-casa-sao-dela-nao-tenho-nada-meu\/20260101\/6956df8ad34e3caad84cff7c\" target=\"_blank\" rel=\"nofollow noopener\">Pedro Jorge<\/a>, que ficaram em quarto, terceiro e primeiro lugares, respetivamente.<\/p>\n<p>No Instagram, t\u00eam sido partilhadas as primeiras imagens dos ex-concorrentes do reality show da <a href=\"https:\/\/tvi.iol.pt\/\" target=\"_blank\" rel=\"nofollow noopener\">TVI<\/a>, ap\u00f3s a participa\u00e7\u00e3o no programa. Por exemplo, <a href=\"https:\/\/selfie.iol.pt\/famosos\/casa-dos-segredos\/cristina-ferreira-para-sandro-fernandes-olha-que-nunca-pareceu-que-estivesses-metido-nesse-enredo\/20251026\/68fe990dd34e58bc6797553e\" target=\"_blank\" rel=\"nofollow noopener\">Sandro Fernandes<\/a>, amigo de Liliana Oliveira, partilhou uma imagem ternurenta, na qual se v\u00ea a evidente cumplicidade entre Yara, filha de Pedro Jorge e Marisa Pires, e Liliana Oliveira.<\/p>\n<p>&#8220;A filha do Pedro e Marisa \u00e9 f\u00e3 incondicional da Liliana&#8221;, assinalou Sandro Fernandes na legenda do registo, acrescentando: &#8220;N\u00e3o a largou por um minuto e n\u00e3o a queria deixar ir embora. Que do\u00e7ura.&#8221;<\/p>\n<p>Veja, agora, a imagem partilhada por Sandro Fernandes na galeria de fotografias que prepar\u00e1mos para si.<\/p>\n","protected":false},"excerpt":{"rendered":"No passado dia 31 de dezembro, terminou a aventura de &#8220;Secret Story &#8211; Casa dos Segredos&#8221; para Marisa&hellip;\n","protected":false},"author":2,"featured_media":211862,"comment_status":"","ping_status":"","sticky":false,"template":"","format":"standard","meta":{"footnotes":""},"categories":[142],"tags":[2632,114,115,980,1015,24883,21766,619,21416,32,33,1014,1315,1012,151,162],"class_list":{"0":"post-211861","1":"post","2":"type-post","3":"status-publish","4":"format-standard","5":"has-post-thumbnail","7":"category-tv","8":"tag-casa-dos-segredos","9":"tag-entertainment","10":"tag-entretenimento","11":"tag-famosos","12":"tag-instagram","13":"tag-liliana-oliveira","14":"tag-marisa-pires","15":"tag-nacional","16":"tag-pedro-jorge","17":"tag-portugal","18":"tag-pt","19":"tag-reality-show","20":"tag-secret-story","21":"tag-selfie","22":"tag-tv","23":"tag-tvi"},"share_on_mastodon":{"url":"https:\/\/pubeurope.com\/@pt\/115825528198861591","error":""},"_links":{"self":[{"href":"https:\/\/www.europesays.com\/pt\/wp-json\/wp\/v2\/posts\/211861","targetHints":{"allow":["GET"]}}],"collection":[{"href":"https:\/\/www.europesays.com\/pt\/wp-json\/wp\/v2\/posts"}],"about":[{"href":"https:\/\/www.europesays.com\/pt\/wp-json\/wp\/v2\/types\/post"}],"author":[{"embeddable":true,"href":"https:\/\/www.europesays.com\/pt\/wp-json\/wp\/v2\/users\/2"}],"replies":[{"embeddable":true,"href":"https:\/\/www.europesays.com\/pt\/wp-json\/wp\/v2\/comments?post=211861"}],"version-history":[{"count":0,"href":"https:\/\/www.europesays.com\/pt\/wp-json\/wp\/v2\/posts\/211861\/revisions"}],"wp:featuredmedia":[{"embeddable":true,"href":"https:\/\/www.europesays.com\/pt\/wp-json\/wp\/v2\/media\/211862"}],"wp:attachment":[{"href":"https:\/\/www.europesays.com\/pt\/wp-json\/wp\/v2\/media?parent=211861"}],"wp:term":[{"taxonomy":"category","embeddable":true,"href":"https:\/\/www.europesays.com\/pt\/wp-json\/wp\/v2\/categories?post=211861"},{"taxonomy":"post_tag","embeddable":true,"href":"https:\/\/www.europesays.com\/pt\/wp-json\/wp\/v2\/tags?post=211861"}],"curies":[{"name":"wp","href":"https:\/\/api.w.org\/{rel}","templated":true}]}}