{"id":21190,"date":"2025-08-08T14:16:12","date_gmt":"2025-08-08T14:16:12","guid":{"rendered":"https:\/\/www.europesays.com\/pt\/21190\/"},"modified":"2025-08-08T14:16:12","modified_gmt":"2025-08-08T14:16:12","slug":"video-artista-de-novo-hamburgo-tera-quadro-exposto-na-belgica","status":"publish","type":"post","link":"https:\/\/www.europesays.com\/pt\/21190\/","title":{"rendered":"V\u00cdDEO: Artista de Novo Hamburgo ter\u00e1 quadro exposto na B\u00e9lgica"},"content":{"rendered":"<p class=\"pp\">A artista pl\u00e1stica e professora de <a href=\"https:\/\/www.abcmais.com\/brasil\/rio-grande-do-sul\/vale-do-rio-dos-sinos\/novo-hamburgo\/amava-os-animais-e-trabalhava-como-costureira-saiba-quem-e-a-mulher-que-morreu-atropelada-em-novo-hamburgo\/\" rel=\"nofollow noopener\" target=\"_blank\">Novo Hamburgo<\/a>, Jana\u00edna Alves, \u00e9 uma das vencedoras do concurso <a href=\"https:\/\/www.abcmais.com\/brasil\/rio-grande-do-sul\/votacao-de-concurso-que-levara-arte-do-rs-a-belgica-se-encerra-neste-sabado-14-saiba-como-particiar\/\" rel=\"nofollow noopener\" target=\"_blank\">A For\u00e7a da Mulher Ga\u00facha<\/a> e ter\u00e1 a obra exposta na galeria de artes\u00a0Viridis Gallery, em\u00a0Bruges, na B\u00e9lgica, do dia 9 at\u00e9 14 de agosto.<\/p>\n<p class=\"pp\">        <img decoding=\"async\" loading=\"lazy\" width=\"800\" height=\"499\" class=\"lazy\" alt=\"Artista hamburguense, Jana\u00edna Alves | abc+\" src=\"https:\/\/www.europesays.com\/pt\/wp-content\/uploads\/2025\/08\/1_img_2219-22482752.jpg\" data-width=\"800\" data-height=\"499\" style=\"width: 100%; height: auto;\"\/><br \/>Artista hamburguense, Jana\u00edna Alves<br \/>Foto: Paola Altneter\/GES-Especial<\/p>\n<p class=\"pp\">O concurso elegeu doze quadros de mulheres do <a href=\"https:\/\/www.abcmais.com\/regiao\/parque-de-canela-realiza-campanha-solidaria-com-desconto-nos-ingressos-para-moradores-de-18-cidades-do-rio-grande-do-sul\/\" rel=\"nofollow noopener\" target=\"_blank\">Rio Grande do Sul<\/a> para a exposi\u00e7\u00e3o internacional, tr\u00eas atrav\u00e9s de voto popular online e nove\u00a0designadas pela curadoria. Ao todo, mais de 50 pessoas se inscreveram na sele\u00e7\u00e3o.<\/p>\n<p class=\"pp\">Com o quadro de tamanho A3 intitulado Meu Bem Maior, Jana\u00edna retratou um epis\u00f3dio marcante da enchente do ano passado: a cena de resgate de helic\u00f3ptero de um beb\u00ea do <a href=\"https:\/\/www.abcmais.com\/brasil\/rio-grande-do-sul\/pedagios-do-vale-do-taquari-devem-ter-definicao-ate-o-fim-de-maio-preve-governo-do-rs\/\" rel=\"nofollow noopener\" target=\"_blank\">Vale do Taquari<\/a>. \u201cQuando a gente perde tudo em uma cat\u00e1strofe dessas, o bem maior da m\u00e3e \u00e9 o filho\u201d, explica. Al\u00e9m disso, ela homenageou na obra os volunt\u00e1rios que ajudaram, com a sigla VAE pintada, significando Volunt\u00e1rios An\u00f4nimos das Enchentes.<\/p>\n<p class=\"pp\">        <img decoding=\"async\" loading=\"lazy\" width=\"800\" height=\"499\" class=\"lazy\" alt=\"Quadro Meu Bem Maior da artista Jana\u00edna Alves, de Novo Hamburgo. | abc+\" src=\"https:\/\/www.europesays.com\/pt\/wp-content\/uploads\/2025\/08\/1_design_sem_nome__3_-22482810.jpg\" data-width=\"800\" data-height=\"499\" style=\"width: 100%; height: auto;\"\/><br \/>Quadro Meu Bem Maior da artista Jana\u00edna Alves, de Novo Hamburgo.<br \/>Foto: Arquivo pessoal<\/p>\n<p class=\"pp\">Produzida em um m\u00eas, a obra foi realizada com t\u00e9cnicas do movimento realista contempor\u00e2neo, que lembra a\u00a0pintura como se fosse uma foto, e o tema escolhido pela artista foi pelo envolvimento dela com esta hist\u00f3ria. \u201cQuando eu estava terminando, fazendo os \u00faltimos detalhes, fiquei sabendo que o menino morreu, aquilo me chocou e me entristeceu muito\u201d, conta.<\/p>\n<p class=\"pp\"><a href=\"https:\/\/whatsapp.com\/channel\/0029Va5onZd8F2pBJioZEq39\" rel=\"nofollow noopener\" target=\"_blank\">ENTRE NO NOSSO CANAL NO WHATSAPP<\/a><\/p>\n<p class=\"pp\">Apesar do tema retratar um dos momentos mais dif\u00edceis que o Estado j\u00e1 vivenciou, a felicidade veio ao saber que\u00a0o quadro foi selecionado para integrar a exposi\u00e7\u00e3o na B\u00e9lgica. \u201cA alegria foi grande, eu estou levando o meu trabalho mas tamb\u00e9m estou representando Novo Hamburgo\u201d, ressalta.<\/p>\n<p class=\"pp\">\u00a0<\/p>\n<p>Veja o v\u00eddeo<\/p>\n<p class=\"pp\">\u00a0<\/p>\n<p>Artista de Tr\u00eas Coroas\u00a0vai para a B\u00e9lgica<\/p>\n<p class=\"pp\">A estudante de artes visuais,\u00a0Camila Marques Dufim Pinheiro, de <a href=\"https:\/\/www.abcmais.com\/regiao\/padre-de-tres-coroas-usa-criatividade-para-convidar-fieis-para-as-missas-atraves-de-videos-engracados\/\" rel=\"nofollow noopener\" target=\"_blank\">Tr\u00eas Coroas<\/a>, tamb\u00e9m faz parte das vencedoras do concurso A For\u00e7a da Mulher Ga\u00facha com a obra\u00a0Entre Ra\u00edzes e Horizontes, que retrata a mulher que cultiva no campo. \u201cEm meio ao campo ela planta n\u00e3o s\u00f3 uma muda, mas memorias, lutas e esperan\u00e7a. Um retrato \u00edntimo da mulher ga\u00facha como eu a sinto, simples, resistente, quase ancestral\u201d, destaca Camila.<\/p>\n<p class=\"pp\">        <img decoding=\"async\" loading=\"lazy\" width=\"800\" height=\"499\" class=\"lazy\" alt=\"Quadro Entre Ra\u00edzes e Horizontes da artista Camila Marques Dufim Pinheiro, de Tr\u00eas Coroas. | abc+\" src=\"https:\/\/www.europesays.com\/pt\/wp-content\/uploads\/2025\/08\/1_design_sem_nome__1_-22482826.jpg\" data-width=\"800\" data-height=\"499\" style=\"width: 100%; height: auto;\"\/><br \/>Quadro Entre Ra\u00edzes e Horizontes da artista Camila Marques Dufim Pinheiro, de Tr\u00eas Coroas.<br \/>Foto: Arquivo pessoal<\/p>\n<p class=\"pp\">Nesta quinta-feira (7), Camila embarcou para a B\u00e9lgica, junto com a comitiva e as duas artistas selecionadas no concurso. A viagem foi poss\u00edvel gra\u00e7as ao apoio da comunidade local, mobiliza\u00e7\u00e3o da prefeitura de Tr\u00eas Coroas, da\u00a0Associa\u00e7\u00e3o Desportiva e Cultural de Tr\u00eas Coroas (Adec) e de recursos pr\u00f3prios. \u201cMinha expectativa est\u00e1 a mil, pois irei conhecer novas culturas e novos artistas, quero absorver o m\u00e1ximo poss\u00edvel para poder levar adiante o meu trabalho como artista\u201d, conta.<\/p>\n<p>Exposi\u00e7\u00e3o<\/p>\n<p class=\"pp\">A Vernissage na\u00a0Viridis Gallery ser\u00e1 no dia 9 de agosto e a exposi\u00e7\u00e3o permanecer\u00e1 at\u00e9 o dia 14. Segundo o proponente do projeto, Raoni de Oliveira, a expectativa \u00e9 receber mais de 500 pessoas neste per\u00edodo. \u201c\u00c9 sobre\u00a0mostrar e enaltecer a for\u00e7a da mulher ga\u00facha, e \u00e9 isso que este projeto est\u00e1 proporcionando, e n\u00f3s iremos al\u00e9m, ainda vamos mostrar a for\u00e7a da mulher brasileira para o mundo\u201d, afirma Oliveira.<\/p>\n<p class=\"pp\"><strong>CONFIRA ESSA:<\/strong>\u00a0<a href=\"https:\/\/www.abcmais.com\/regiao\/comercio-da-regiao-tem-movimento-timido-na-semana-do-dia-dos-pais\/\" rel=\"nofollow noopener\" target=\"_blank\">Com\u00e9rcio da regi\u00e3o tem movimento t\u00edmido na semana do Dia dos Pais<\/a><\/p>\n<p class=\"pp\">Em outubro a exposi\u00e7\u00e3o ser\u00e1 na Casa de Cultura M\u00e1rio Quintana, em <a href=\"https:\/\/www.abcmais.com\/regiao\/morre-guilherme-socias-villela-ex-vereador-e-ex-prefeito-de-porto-alegre\/\" rel=\"nofollow noopener\" target=\"_blank\">Porto Alegre<\/a>, onde deve permanecer por um m\u00eas para visita\u00e7\u00e3o dos ga\u00fachos.<\/p>\n<p>Confira a lista completa das vencedoras do concurso:<\/p>\n<p class=\"pp\">Artista: Samy Sfoggia Duarte da Silva<br \/>Nome da obra: Born to be anything <br \/>Cidade: Porto Alegre<\/p>\n<p class=\"pp\">Artista: Andr\u00e9ia Cristiane de Oliveira<br \/>Nome da obra: Resili\u00eancia Feminina <br \/>Cidade: Porto Alegre<\/p>\n<p class=\"pp\">Artista: M\u00e1rcia Cristina Sawitzki <br \/>Nome da obra: Mulher Solar: Resist\u00eancia e Ancestralidade<br \/>Cidade: Torres<\/p>\n<p class=\"pp\">Artista: Jana\u00edna Alves<br \/>Nome da obra: Meu Bem Maior<br \/>Cidade: Novo Hamburgo<\/p>\n<p class=\"pp\">Artista: Anne Anicet R\u00fcthschilling<br \/>Nome da obra: Caminhos pelos Pampas <br \/>Cidade: Porto Alegre<\/p>\n<p class=\"pp\">Artista: Kathleen Oliveira de Avila<br \/>Nome da obra: Bastidores do cuidado <br \/>Cidade: Pelotas<\/p>\n<p class=\"pp\">Artista: Elisa Beschorner Heidrich <br \/>Nome da obra: Experimento de ferro <br \/>Cidade: Porto Alegre<\/p>\n<p class=\"pp\">Artista: Ros\u00e2ngela Nectoux <br \/>Nome da obra: Resgate da esperan\u00e7a<br \/>Cidade: Porto Alegre<\/p>\n<p class=\"pp\">Artista: Camila Marques Dufim Pinheiro<br \/>Nome da obra: Entre Ra\u00edzes e Horizontes<br \/>Cidade: Tr\u00eas Coroas<\/p>\n<p class=\"pp\">Artista: Sarah Milani Campana<br \/>Nome da obra: Flor Ga\u00facha<br \/>Cidade: Bento Gon\u00e7alves<\/p>\n<p class=\"pp\">Artista: Jaqueline Franco Casagrande<br \/>Nome da obra: Recome\u00e7ar <br \/>Cidade: Viam\u00e3o<\/p>\n<p class=\"pp\">Artista: Cristina Lucia Alberti Lisot<br \/>Nome da obra: Coluna, 2024<br \/>Cidade: Caxias do Sul<\/p>\n","protected":false},"excerpt":{"rendered":"A artista pl\u00e1stica e professora de Novo Hamburgo, Jana\u00edna Alves, \u00e9 uma das vencedoras do concurso A For\u00e7a&hellip;\n","protected":false},"author":2,"featured_media":21191,"comment_status":"","ping_status":"","sticky":false,"template":"","format":"standard","meta":{"footnotes":""},"categories":[144],"tags":[2285,5375,5373,5370,5374,5376,5368,5371,5369,5372,207,205,206,203,201,202,3917,7696,7697,7698,204,114,115,7699,7700,7701,32,33,7702,7703],"class_list":{"0":"post-21190","1":"post","2":"type-post","3":"status-publish","4":"format-standard","5":"has-post-thumbnail","7":"category-arte-e-design","8":"tag-abc","9":"tag-abc-cg","10":"tag-abc-dc","11":"tag-abc-grupo-sinos","12":"tag-abc-jg","13":"tag-abc-jornal-de-gramado","14":"tag-abc-mais","15":"tag-abc-nh","16":"tag-abc-rs","17":"tag-abc-vs","18":"tag-arte","19":"tag-arte-e-design","20":"tag-artedesign","21":"tag-arts","22":"tag-arts-and-design","23":"tag-artsanddesign","24":"tag-belgica","25":"tag-bruges","26":"tag-camila-marques-dufim-pinheiro","27":"tag-concurso-a-forca-da-mulher-gaucha","28":"tag-design","29":"tag-entertainment","30":"tag-entretenimento","31":"tag-escritorio-de-arte-e-cultura","32":"tag-janaina-alves","33":"tag-novo-hamburgo","34":"tag-portugal","35":"tag-pt","36":"tag-tres-coroas","37":"tag-viridis-gallery"},"share_on_mastodon":{"url":"","error":""},"_links":{"self":[{"href":"https:\/\/www.europesays.com\/pt\/wp-json\/wp\/v2\/posts\/21190","targetHints":{"allow":["GET"]}}],"collection":[{"href":"https:\/\/www.europesays.com\/pt\/wp-json\/wp\/v2\/posts"}],"about":[{"href":"https:\/\/www.europesays.com\/pt\/wp-json\/wp\/v2\/types\/post"}],"author":[{"embeddable":true,"href":"https:\/\/www.europesays.com\/pt\/wp-json\/wp\/v2\/users\/2"}],"replies":[{"embeddable":true,"href":"https:\/\/www.europesays.com\/pt\/wp-json\/wp\/v2\/comments?post=21190"}],"version-history":[{"count":0,"href":"https:\/\/www.europesays.com\/pt\/wp-json\/wp\/v2\/posts\/21190\/revisions"}],"wp:featuredmedia":[{"embeddable":true,"href":"https:\/\/www.europesays.com\/pt\/wp-json\/wp\/v2\/media\/21191"}],"wp:attachment":[{"href":"https:\/\/www.europesays.com\/pt\/wp-json\/wp\/v2\/media?parent=21190"}],"wp:term":[{"taxonomy":"category","embeddable":true,"href":"https:\/\/www.europesays.com\/pt\/wp-json\/wp\/v2\/categories?post=21190"},{"taxonomy":"post_tag","embeddable":true,"href":"https:\/\/www.europesays.com\/pt\/wp-json\/wp\/v2\/tags?post=21190"}],"curies":[{"name":"wp","href":"https:\/\/api.w.org\/{rel}","templated":true}]}}