{"id":211906,"date":"2026-01-02T13:05:13","date_gmt":"2026-01-02T13:05:13","guid":{"rendered":"https:\/\/www.europesays.com\/pt\/211906\/"},"modified":"2026-01-02T13:05:13","modified_gmt":"2026-01-02T13:05:13","slug":"efetor-de-mildio-ativa-defesa-natural-em-brassicaceas","status":"publish","type":"post","link":"https:\/\/www.europesays.com\/pt\/211906\/","title":{"rendered":"Efetor de m\u00edldio ativa defesa natural em brassic\u00e1ceas"},"content":{"rendered":"<p>                                                                                                        &#13;<\/p>\n<p>                                            <img decoding=\"async\" class=\"object-cover w-[100%] h-[100%]\" src=\"https:\/\/www.europesays.com\/pt\/wp-content\/uploads\/2026\/01\/ce6e5775-88b3-47a3-8d68-c3dbafa3163c.jpg\" alt=\"Foto: Emmanuel Boutet - CC 2.5\"\/><\/p>\n<p>                                                &#13;<br \/>\n                                                    Foto: Emmanuel Boutet &#8211; CC 2.5&#13;<\/p>\n<p>                                    &#13;<\/p>\n<p class=\"text-[22px] leading-[1.4]    mt-[16px]   mb-[16px] \" style=\"padding-left: 0px;\">&#13;<br \/>\n                                    Estudo identificou um mecanismo de defesa que eleva a resist\u00eancia de Brassica rapa ao m\u00edldio. A pesquisa mostrou que o efector DM459, produzido por Hyaloperonospora parasitica, ativa a autofagia nas c\u00e9lulas da planta e reduz a severidade da doen\u00e7a.&#13;\n                                <\/p>\n<p class=\"text-[22px] leading-[1.4]    mt-[16px]   mb-[16px] \" style=\"padding-left: 0px;\">&#13;<br \/>\n                                    O m\u00edldio causa perdas elevadas na produ\u00e7\u00e3o de br\u00e1ssicas. O pat\u00f3geno infecta tecidos vivos e dificulta o controle qu\u00edmico. A resist\u00eancia gen\u00e9tica surge como alternativa estrat\u00e9gica.&#13;\n                                <\/p>\n<p class=\"text-[22px] leading-[1.4]    mt-[16px]   mb-[16px] \" style=\"padding-left: 0px;\">&#13;<br \/>\n                                    Os pesquisadores identificaram o efetor DM459 como uma prote\u00edna secretada pelo pat\u00f3geno. A mol\u00e9cula interage com prote\u00ednas da planta ligadas \u00e0 autofagia, processo celular de reciclagem de componentes. O alvo principal foi a prote\u00edna BraATG8i, essencial na forma\u00e7\u00e3o de autofagossomos.&#13;\n                                <\/p>\n<p class=\"text-[22px] leading-[1.4]    mt-[16px]   mb-[16px] \" style=\"padding-left: 0px;\">&#13;<br \/>\n                                    Ensaios em plantas mostraram que a superexpress\u00e3o de BraATG8i aumentou a resist\u00eancia ao m\u00edldio. Plantas com silenciamento desse gene apresentaram maior suscetibilidade. O resultado indicou papel positivo da autofagia na defesa vegetal.&#13;\n                                <\/p>\n<p class=\"text-[22px] leading-[1.4]    mt-[16px]   mb-[16px] \" style=\"padding-left: 0px;\">&#13;<br \/>\n                                    O estudo tamb\u00e9m demonstrou que DM459 liga-se a outras prote\u00ednas-chave da autofagia, como BraATG4, BraATG3 e BraATG7. Essa intera\u00e7\u00e3o fortaleceu a montagem do complexo autof\u00e1gico e ampliou a resposta de defesa.&#13;\n                                <\/p>\n<p class=\"text-[22px] leading-[1.4]    mt-[16px]   mb-[16px] \" style=\"padding-left: 0px;\">&#13;<br \/>\n                                    A presen\u00e7a do efector estimulou a produ\u00e7\u00e3o de \u00e1cido salic\u00edlico, horm\u00f4nio associado \u00e0 imunidade vegetal. O aumento do horm\u00f4nio ativou a express\u00e3o de BraATG8i e refor\u00e7ou a autofagia. Linhagens resistentes exibiram n\u00edveis mais altos dessa resposta.&#13;\n                                <\/p>\n<p class=\"text-[22px] leading-[1.4]    mt-[16px]   mb-[16px] \" style=\"padding-left: 0px;\">&#13;<br \/>\n                                    Em testes com inibidor de autofagia, as plantas perderam resist\u00eancia, mesmo na presen\u00e7a do efector. O resultado confirmou a import\u00e2ncia do processo para o controle da doen\u00e7a.&#13;\n                                <\/p>\n<p class=\"text-[22px] leading-[1.4]    mt-[16px]   mb-[16px] \" style=\"padding-left: 0px;\">&#13;<br \/>\n                                    Outras informa\u00e7\u00f5es em doi.org\/10.1093\/hr\/uhaf358&#13;\n                                <\/p>\n","protected":false},"excerpt":{"rendered":"&#13; &#13; Foto: Emmanuel Boutet &#8211; CC 2.5&#13; &#13; &#13; Estudo identificou um mecanismo de defesa que eleva&hellip;\n","protected":false},"author":2,"featured_media":211907,"comment_status":"","ping_status":"","sticky":false,"template":"","format":"standard","meta":{"footnotes":""},"categories":[86],"tags":[562,8682,8683,8673,8674,8672,116,8681,8679,8676,8684,8680,4907,32,8677,33,117,8678,8675],"class_list":{"0":"post-211906","1":"post","2":"type-post","3":"status-publish","4":"format-standard","5":"has-post-thumbnail","7":"category-saude","8":"tag-agricultura","9":"tag-agricultura-familiar","10":"tag-agroindustria","11":"tag-agronomia","12":"tag-agropecuaria","13":"tag-cultivo","14":"tag-health","15":"tag-horticultura","16":"tag-inovacao-no-campo","17":"tag-manejo-de-culturas","18":"tag-maquinas-agricolas","19":"tag-mercado-agricola","20":"tag-pecuaria","21":"tag-portugal","22":"tag-producao-agricola","23":"tag-pt","24":"tag-saude","25":"tag-sustentabilidade-rural","26":"tag-tecnologia-agricola"},"share_on_mastodon":{"url":"https:\/\/pubeurope.com\/@pt\/115825654009681814","error":""},"_links":{"self":[{"href":"https:\/\/www.europesays.com\/pt\/wp-json\/wp\/v2\/posts\/211906","targetHints":{"allow":["GET"]}}],"collection":[{"href":"https:\/\/www.europesays.com\/pt\/wp-json\/wp\/v2\/posts"}],"about":[{"href":"https:\/\/www.europesays.com\/pt\/wp-json\/wp\/v2\/types\/post"}],"author":[{"embeddable":true,"href":"https:\/\/www.europesays.com\/pt\/wp-json\/wp\/v2\/users\/2"}],"replies":[{"embeddable":true,"href":"https:\/\/www.europesays.com\/pt\/wp-json\/wp\/v2\/comments?post=211906"}],"version-history":[{"count":0,"href":"https:\/\/www.europesays.com\/pt\/wp-json\/wp\/v2\/posts\/211906\/revisions"}],"wp:featuredmedia":[{"embeddable":true,"href":"https:\/\/www.europesays.com\/pt\/wp-json\/wp\/v2\/media\/211907"}],"wp:attachment":[{"href":"https:\/\/www.europesays.com\/pt\/wp-json\/wp\/v2\/media?parent=211906"}],"wp:term":[{"taxonomy":"category","embeddable":true,"href":"https:\/\/www.europesays.com\/pt\/wp-json\/wp\/v2\/categories?post=211906"},{"taxonomy":"post_tag","embeddable":true,"href":"https:\/\/www.europesays.com\/pt\/wp-json\/wp\/v2\/tags?post=211906"}],"curies":[{"name":"wp","href":"https:\/\/api.w.org\/{rel}","templated":true}]}}