{"id":211910,"date":"2026-01-02T13:09:11","date_gmt":"2026-01-02T13:09:11","guid":{"rendered":"https:\/\/www.europesays.com\/pt\/211910\/"},"modified":"2026-01-02T13:09:11","modified_gmt":"2026-01-02T13:09:11","slug":"casa-de-putin-nao-era-o-alvo-do-ataque-ucraniano-confirma-cia-trump-acusa-russia-de-atrapalhar-o-processo-de-paz","status":"publish","type":"post","link":"https:\/\/www.europesays.com\/pt\/211910\/","title":{"rendered":"Casa de Putin n\u00e3o era o alvo do ataque ucraniano, confirma CIA. Trump acusa R\u00fassia de atrapalhar o processo de paz"},"content":{"rendered":"<p>A CIA (Central Intelligence Agency, principal ag\u00eancia de servi\u00e7os secretos norte-americana) n\u00e3o encontrou provas de que a Ucr\u00e2nia tenha atacado uma das resid\u00eancias do Presidente russo, de acordo com respons\u00e1veis \u200b\u200bnorte-americanos <a href=\"https:\/\/www.wsj.com\/politics\/national-security\/u-s-finds-ukraine-didnt-target-putin-in-drone-strike-615ce4be\" target=\"_blank\" rel=\"noopener noreferrer nofollow\">citados na quarta-feira pelo di\u00e1rio \u201cWall Street Journal\u201d<\/a>, contrariando as alega\u00e7\u00f5es de Moscovo.<\/p>\n<p>Fontes dos servi\u00e7os de informa\u00e7\u00e3o de Washington consultadas pelo jornal norte-americano afirmam que a Ucr\u00e2nia estava a visar um objetivo militar que j\u00e1 tinha atacado antes na regi\u00e3o de Novgorod, onde se encontra <a href=\"https:\/\/expresso.pt\/internacional\/guerra-na-ucrania\/2026-01-01-valdai-a-pequena-versalhes-de-putin-como-e-o-palacio-isolado-que-moscovo-acusa-a-ucrania-de-ter-atacado-com-drones-a817bbaa\" target=\"_blank\" rel=\"noopener noreferrer nofollow\">a casa de campo de Putin, a mans\u00e3o de Valdai<\/a>, mas n\u00e3o nas proximidades do alvo de Kiev. A CIA avaliou, assim, a alega\u00e7\u00e3o como falsa, indicando que Vladimir Putin deturpou o incidente.<\/p>\n<p>A not\u00edcia foi divulgada no mesmo dia em que o Presidente norte-americano, partilhou nas redes sociais <a href=\"https:\/\/nypost.com\/2025\/12\/30\/opinion\/putin-attack-bluster-shows-russia-is-one-standing-in-way-of-peace\/\" target=\"_blank\" rel=\"noopener noreferrer nofollow\">um severo editorial do \u201cNew York Post\u201d<\/a>, que acusa Moscovo de fabricar o ataque para sabotar o processo de paz. Segundo Donald Trump, a rea\u00e7\u00e3o exagerada da R\u00fassia demonstra que \u00e9 Moscovo quem est\u00e1 a atrapalhar as negocia\u00e7\u00f5es.<\/p>\n<p>O artigo \u00e9 bastante cr\u00edtico do l\u00edder do Kremlin, que o acusa tamb\u00e9m de basear toda a campanha contra a Ucr\u00e2nia numa mentira, de \u201cdesprezar os Estados Unidos\u201d e de trabalhar contra a agenda do republicano ao aliar-se a pa\u00edses como o Ir\u00e3o, a Coreia do Norte e a Venezuela.<\/p>\n<p>Na passada segunda-feira, Trump afirmou que fora o pr\u00f3prio hom\u00f3logo russo que lhe tinha contado por telefone o alegado ataque \u00e0 sua resid\u00eancia. Numa primeira rea\u00e7\u00e3o, o republicano expressou insatisfa\u00e7\u00e3o, embora tenha admitido que a opera\u00e7\u00e3o poderia n\u00e3o ter decorrido conforme descrito por Putin.<\/p>\n<p>R\u00fassia envia an\u00e1lises dos destro\u00e7os para os EUA<\/p>\n<p>Para provar o seu ponto, a R\u00fassia vai enviar para os Estados Unidos as an\u00e1lises aos destro\u00e7os dos drones que alegadamente atacaram a casa de Valdai, indicou na quinta-feira o Minist\u00e9rio da Defesa russo, um dia depois de Trump ter partilhado o editorial que acusa Moscovo de aproveitar o incidente para minar as negocia\u00e7\u00f5es de paz.<\/p>\n<p>\u201cEsses materiais [dos destro\u00e7os dos drones] ser\u00e3o transferidos \u00e0 parte americana atrav\u00e9s dos canais estabelecidos\u201d, comunicou o Minist\u00e9rio da Defesa russo na rede social Telegram, acrescentando que realizou uma inspe\u00e7\u00e3o t\u00e9cnica ao sistema de navega\u00e7\u00e3o de um dos ve\u00edculos a\u00e9reos n\u00e3o tripulados ucranianos abatidos sobre a regi\u00e3o de Novgorod na noite de 29 de dezembro.<\/p>\n<p>Donald Trump recebeu Volodymyr Zelensky na sua resid\u00eancia de Mar-a-Lago, na Florida, a 28 de dezembro<\/p>\n<p>Anadolu via Getty Images<\/p>\n<p class=\"category\"><a href=\"https:\/\/expresso.pt\/internacional\/guerra-na-ucrania\" rel=\"nofollow noopener\" target=\"_blank\">Guerra na Ucr\u00e2nia<\/a><\/p>\n<p class=\"follow-link\"><a href=\"https:\/\/expresso.pt\/internacional\/guerra-na-ucrania\/2026-01-01-as-vias-paralelas-de-putin-para-minar-a-paz-na-ucrania-5d21dcdf\" rel=\"canonical nofollow noopener\" target=\"_blank\">Leia tamb\u00e9m<\/a><\/p>\n<p>\u201cOs agentes dos servi\u00e7os de informa\u00e7\u00f5es russos conseguiram extrair o arquivo da miss\u00e3o de voo\u201d do drone, explicou o minist\u00e9rio. \u201cA descodifica\u00e7\u00e3o dos dados da rota revelou que o objetivo final do ataque ucraniano de 29 de dezembro era uma instala\u00e7\u00e3o na resid\u00eancia presidencial russa na regi\u00e3o de Novgorod.\u201d<\/p>\n<p>Na quarta-feira, o Minist\u00e9rio da Defesa divulgou detalhes sobre o alegado ataque ucraniano com drones contra a resid\u00eancia de Putin, indicando que, a partir de diferentes pontos de descolagem, 91 drones voaram em dire\u00e7\u00e3o ao alvo sobrevoando as regi\u00f5es de Briansk, Smolensk, Tver e Novgorod.<\/p>\n<p>Esta \u00e9 a primeira vez que a R\u00fassia denuncia um ataque que poder\u00e1 ter sido dirigido contra o l\u00edder russo, que desde o in\u00edcio do conflito refor\u00e7ou a sua seguran\u00e7a. Do outro lado, desde o in\u00edcio da guerra, em 2022, as autoridades de Kiev denunciaram mais de uma dezena de tentativas de assassinato ou sequestro contra Volodymyr Zelensky.<\/p>\n<p>Ucr\u00e2nia fala numa acusa\u00e7\u00e3o \u201cfalsa\u201d<\/p>\n<p>J\u00e1 o Presidente ucraniano destacou na ter\u00e7a-feira que os aliados de Kiev t\u00eam a oportunidade de verificar a falsidade da acusa\u00e7\u00e3o de Moscovo.<\/p>\n<p>\u201cA nossa equipa de negocia\u00e7\u00e3o contactou a equipa norte-americana, examinaram os detalhes e descobrimos que \u00e9 falsa. E, claro, os nossos parceiros tamb\u00e9m podem verificar, utilizando os seus recursos t\u00e9cnicos, que \u00e9 falsa\u201d, argumentou Zelensky.<\/p>\n<p>A alta representante da Uni\u00e3o Europeia para a Pol\u00edtica Externa, Kaja Kallas, tamb\u00e9m questionou a veracidade do ataque, considerando que se trata de \u201cuma distra\u00e7\u00e3o deliberada\u201d.<\/p>\n<p>O Governo ucraniano j\u00e1 tinha declarado que Moscovo n\u00e3o tem provas para suportar a sua acusa\u00e7\u00e3o, que levou a diplomacia russa a amea\u00e7ar com um endurecimento da sua posi\u00e7\u00e3o nas negocia\u00e7\u00f5es de paz promovidas pela Casa Branca.<\/p>\n<p>\u201cFaltam 10%\u201d para o acordo de paz, diz Zelensky<\/p>\n<p>Esta s\u00fabita tens\u00e3o ocorre logo ap\u00f3s declara\u00e7\u00f5es dos Estados Unidos e da Ucr\u00e2nia dando conta dos progressos alcan\u00e7ados na busca de um entendimento.<\/p>\n<p>Na sua <a href=\"https:\/\/expresso.pt\/internacional\/guerra-na-ucrania\/2025-12-31-zelensky-em-mensagem-de-ano-novo-acreditamos-na-paz-fe38b088\" target=\"_blank\" rel=\"noopener noreferrer nofollow\">mensagem de Ano Novo, Zelensky<\/a> disse que a proposta de um acordo de paz com a R\u00fassia est\u00e1 90% pronta, embora observe que a parte determinante est\u00e1 nos restantes 10%.<\/p>\n<p>\u201cO acordo de paz est\u00e1 90% pronto. Faltam 10%. Estes 10% cont\u00eam tudo, na verdade. S\u00e3o estes 10% que v\u00e3o determinar o destino da paz, o destino da Ucr\u00e2nia e da Europa\u201d, declarou numa mensagem de v\u00eddeo na plataforma Telegram.<\/p>\n<p>O Presidente ucraniano afirmou que o seu pa\u00eds quer o fim do conflito, mas n\u00e3o \u201ca qualquer pre\u00e7o\u201d, e que um acordo dever\u00e1 incluir fortes garantias de seguran\u00e7a para impedir a R\u00fassia de lan\u00e7ar outra invas\u00e3o.<\/p>\n<p>Outro tema sens\u00edvel que afasta as partes prende-se com as quest\u00f5es territoriais, com Moscovo a reivindicar a legitima\u00e7\u00e3o da anexa\u00e7\u00e3o das \u00e1reas ocupadas na Ucr\u00e2nia, que por sua vez tem recusado a sua ced\u00eancia.<\/p>\n","protected":false},"excerpt":{"rendered":"A CIA (Central Intelligence Agency, principal ag\u00eancia de servi\u00e7os secretos norte-americana) n\u00e3o encontrou provas de que a Ucr\u00e2nia&hellip;\n","protected":false},"author":2,"featured_media":211911,"comment_status":"","ping_status":"","sticky":false,"template":"","format":"standard","meta":{"footnotes":""},"categories":[50],"tags":[27,28,15,16,14,25,26,21,22,62,12,13,19,20,23,24,17,18,29,30,31,63,64,65],"class_list":{"0":"post-211910","1":"post","2":"type-post","3":"status-publish","4":"format-standard","5":"has-post-thumbnail","7":"category-mundo","8":"tag-breaking-news","9":"tag-breakingnews","10":"tag-featured-news","11":"tag-featurednews","12":"tag-headlines","13":"tag-latest-news","14":"tag-latestnews","15":"tag-main-news","16":"tag-mainnews","17":"tag-mundo","18":"tag-news","19":"tag-noticias","20":"tag-noticias-principais","21":"tag-noticiasprincipais","22":"tag-principais-noticias","23":"tag-principaisnoticias","24":"tag-top-stories","25":"tag-topstories","26":"tag-ultimas","27":"tag-ultimas-noticias","28":"tag-ultimasnoticias","29":"tag-world","30":"tag-world-news","31":"tag-worldnews"},"share_on_mastodon":{"url":"https:\/\/pubeurope.com\/@pt\/115825669773603697","error":""},"_links":{"self":[{"href":"https:\/\/www.europesays.com\/pt\/wp-json\/wp\/v2\/posts\/211910","targetHints":{"allow":["GET"]}}],"collection":[{"href":"https:\/\/www.europesays.com\/pt\/wp-json\/wp\/v2\/posts"}],"about":[{"href":"https:\/\/www.europesays.com\/pt\/wp-json\/wp\/v2\/types\/post"}],"author":[{"embeddable":true,"href":"https:\/\/www.europesays.com\/pt\/wp-json\/wp\/v2\/users\/2"}],"replies":[{"embeddable":true,"href":"https:\/\/www.europesays.com\/pt\/wp-json\/wp\/v2\/comments?post=211910"}],"version-history":[{"count":0,"href":"https:\/\/www.europesays.com\/pt\/wp-json\/wp\/v2\/posts\/211910\/revisions"}],"wp:featuredmedia":[{"embeddable":true,"href":"https:\/\/www.europesays.com\/pt\/wp-json\/wp\/v2\/media\/211911"}],"wp:attachment":[{"href":"https:\/\/www.europesays.com\/pt\/wp-json\/wp\/v2\/media?parent=211910"}],"wp:term":[{"taxonomy":"category","embeddable":true,"href":"https:\/\/www.europesays.com\/pt\/wp-json\/wp\/v2\/categories?post=211910"},{"taxonomy":"post_tag","embeddable":true,"href":"https:\/\/www.europesays.com\/pt\/wp-json\/wp\/v2\/tags?post=211910"}],"curies":[{"name":"wp","href":"https:\/\/api.w.org\/{rel}","templated":true}]}}