{"id":211912,"date":"2026-01-02T13:10:22","date_gmt":"2026-01-02T13:10:22","guid":{"rendered":"https:\/\/www.europesays.com\/pt\/211912\/"},"modified":"2026-01-02T13:10:22","modified_gmt":"2026-01-02T13:10:22","slug":"treze-mortos-e-470-detidos-por-excesso-de-alcool-nas-operacoes-de-ano-novo-da-psp-e-gnr","status":"publish","type":"post","link":"https:\/\/www.europesays.com\/pt\/211912\/","title":{"rendered":"Treze mortos e 470 detidos por excesso de \u00e1lcool nas opera\u00e7\u00f5es de ano novo da PSP e GNR"},"content":{"rendered":"<p>&#13;<br \/>\nEm comunicados divulgados esta sexta-feira, as duas for\u00e7as de seguran\u00e7a registaram, entre s\u00e1bado e quinta-feira, 1.787 acidentes rodovi\u00e1rios, dos quais resultaram 13 mortos, 39 feridos graves e 477 ligeiros na opera\u00e7\u00e3o que termina no domingo.&#13;\n<\/p>\n<p>&#13;<br \/>\nA Pol\u00edcia de Seguran\u00e7a P\u00fablica (PSP) registou quatro v\u00edtimas mortais que resultaram dos acidentes que ocorreram em Vila Nova de Gaia, Benfica (Lisboa), Massam\u00e1 (Sintra) e na Figueira da Foz (Coimbra).&#13;\n<\/p>\n<p>&#13;<br \/>\nOs acidentes que provocaram os nove mortos contabilizados pela GNR ocorreram na Autoestrada 1, em Alcanena (Santar\u00e9m), na Estrada Nacional (EN) 9, em Torres Vedras (Lisboa), EN 15 na Lixa (Porto), na EN 111 em Montemor-o-Velho (Coimbra), na EN 230 em \u00c1gueda (Aveiro), na EN 255-1 em Sobral da Adi\u00e7a (Beja), na Pra\u00e7a da Independ\u00eancia, em Castelo de Paiva (Aveiro), na Estrada Municipal 1.205 em Mafra (Lisboa) e na EN101 em Soutelo, Vila Verde no distrito de Braga.&#13;\n<\/p>\n<p>&#13;<br \/>\nA Guarda Nacional Republicana (GNR) e a PSP detiveram entre s\u00e1bado e quinta-feira 470 pessoas por conduzirem com excesso de \u00e1lcool.&#13;\n<\/p>\n<p>&#13;<br \/>\nNaquele per\u00edodo, a GNR fiscalizou 57.519 condutores, dos quais, 787 conduziam com excesso de \u00e1lcool e, destes, 350 foram detidos por conduzirem com uma taxa de \u00e1lcool no sangue igual ou superior a 1,2 g\/l.&#13;\n<\/p>\n<p>&#13;<br \/>\nForam ainda detidas 113 pessoas por conduzirem sem habilita\u00e7\u00e3o legal.&#13;\n<\/p>\n<p>&#13;<br \/>\nA Guarda registou 7.281 contraordena\u00e7\u00f5es rodovi\u00e1rias, das quais 1.130 foram por excesso de velocidade, 437 por excessos de \u00e1lcool, 191 por falta ou incorreta utiliza\u00e7\u00e3o do cinto de seguran\u00e7a e\/ou sistema de reten\u00e7\u00e3o para crian\u00e7as, 164 por uso indevido do telem\u00f3vel, 1.004 por falta de inspe\u00e7\u00e3o peri\u00f3dica obrigat\u00f3ria e 317 por falta de seguro de responsabilidade civil obrigat\u00f3rio.&#13;\n<\/p>\n<p>&#13;<br \/>\nJ\u00e1 a PSP, efetuou 371 deten\u00e7\u00f5es, das quais 219 por crimes rodovi\u00e1rios, nomeadamente 120 por condu\u00e7\u00e3o em estado de embriaguez, 77 por falta de habilita\u00e7\u00e3o legal para conduzir e 22 por outros crimes rodovi\u00e1rios. &#13;\n<\/p>\n<p>&#13;<br \/>\nForam tamb\u00e9m detidas 19 pessoas por crimes contra a propriedade (furtos e roubos) e 36 suspeitos por tr\u00e1fico de droga, tendo sido apreendidas 18.590 doses individuais.&#13;\n<\/p>\n<p>&#13;<br \/>\nNos \u00faltimos seis dias, a PSP apreendeu cinco armas de fogo, 19 armas brancas, 23 muni\u00e7\u00f5es e seis outras armas, quer como medida cautelar, quer no seguimento das 12 deten\u00e7\u00f5es efetuadas por posse de arma proibida. &#13;\n<\/p>\n<p>&#13;<br \/>\nForam ainda apreendidos 19.432 artigos de pirotecnia.&#13;\n<\/p>\n<p>&#13;<br \/>\nA PSP adianta tamb\u00e9m em comunicado que deteve, no \u00e2mbito das a\u00e7\u00f5es de fiscaliza\u00e7\u00e3o e controlo da fronteira a\u00e9rea, cinco cidad\u00e3os por situa\u00e7\u00e3o ilegal em territ\u00f3rio nacional.&#13;\n<\/p>\n<p>&#13;<br \/>\nNa nota, a for\u00e7a de seguran\u00e7a indica ter controlado 176.286 cidad\u00e3os estrangeiros, ter elaborado 16 participa\u00e7\u00f5es e 10 autos de not\u00edcia por contraordena\u00e7\u00e3o no \u00e2mbito da lei dos estrangeiros e efetuado 28 recusas de entrada em territ\u00f3rio nacional.&#13;\n<\/p>\n<p>&#13;<br \/>\nNo que diz respeito \u00e0 preven\u00e7\u00e3o e fiscaliza\u00e7\u00e3o nas estradas, a PSP refere que foram fiscalizados 8.744 condutores e controladas 24.780 viaturas por radar, sendo detetadas 2.282 infra\u00e7\u00f5es \u00e0 legisla\u00e7\u00e3o rodovi\u00e1ria.&#13;\n<\/p>\n<p>&#13;<br \/>\nEntre as contraordena\u00e7\u00f5es rodovi\u00e1rias detetadas, 328 foram por excesso de velocidade, 230 por falta de inspe\u00e7\u00e3o peri\u00f3dica obrigat\u00f3ria, 92 por falta de seguro de responsabilidade civil obrigat\u00f3rio, 56 por condu\u00e7\u00e3o sob influ\u00eancia do \u00e1lcool, 42 por uso indevido do telem\u00f3vel e 17 por falta ou incorreta utiliza\u00e7\u00e3o do cinto de seguran\u00e7a e\/ou sistema de reten\u00e7\u00e3o para crian\u00e7as.&#13;\n<\/p>\n<p>&#13;<br \/>\nA PSP e a GNR t\u00eam a decorrer desde 18 de dezembro e 4 de janeiro opera\u00e7\u00f5es focadas nos per\u00edodos de Natal e de Ano Novo.&#13;<\/p>\n","protected":false},"excerpt":{"rendered":"&#13; Em comunicados divulgados esta sexta-feira, as duas for\u00e7as de seguran\u00e7a registaram, entre s\u00e1bado e quinta-feira, 1.787 acidentes&hellip;\n","protected":false},"author":2,"featured_media":211913,"comment_status":"","ping_status":"","sticky":false,"template":"","format":"standard","meta":{"footnotes":""},"categories":[10],"tags":[41350,27,28,41351,41501,41349,15,16,41500,41352,14,25,26,41354,2498,21,22,12,13,19,20,41499,32,23,24,33,5565,17,18,29,30,31,41353],"class_list":{"0":"post-211912","1":"post","2":"type-post","3":"status-publish","4":"format-standard","5":"has-post-thumbnail","7":"category-portugal","8":"tag-autoestrada-alcanena-santarem-estrada","9":"tag-breaking-news","10":"tag-breakingnews","11":"tag-en-montemor-velho","12":"tag-en-selo","13":"tag-en-sobral-adica-beja-praca","14":"tag-featured-news","15":"tag-featurednews","16":"tag-figueira-foz","17":"tag-gaia-benfica","18":"tag-headlines","19":"tag-latest-news","20":"tag-latestnews","21":"tag-lixa","22":"tag-mafra","23":"tag-main-news","24":"tag-mainnews","25":"tag-news","26":"tag-noticias","27":"tag-noticias-principais","28":"tag-noticiasprincipais","29":"tag-paiva-aveiro-estrada","30":"tag-portugal","31":"tag-principais-noticias","32":"tag-principaisnoticias","33":"tag-pt","34":"tag-republicana","35":"tag-top-stories","36":"tag-topstories","37":"tag-ultimas","38":"tag-ultimas-noticias","39":"tag-ultimasnoticias","40":"tag-vedras"},"share_on_mastodon":{"url":"","error":"Validation failed: Text character limit of 500 exceeded"},"_links":{"self":[{"href":"https:\/\/www.europesays.com\/pt\/wp-json\/wp\/v2\/posts\/211912","targetHints":{"allow":["GET"]}}],"collection":[{"href":"https:\/\/www.europesays.com\/pt\/wp-json\/wp\/v2\/posts"}],"about":[{"href":"https:\/\/www.europesays.com\/pt\/wp-json\/wp\/v2\/types\/post"}],"author":[{"embeddable":true,"href":"https:\/\/www.europesays.com\/pt\/wp-json\/wp\/v2\/users\/2"}],"replies":[{"embeddable":true,"href":"https:\/\/www.europesays.com\/pt\/wp-json\/wp\/v2\/comments?post=211912"}],"version-history":[{"count":0,"href":"https:\/\/www.europesays.com\/pt\/wp-json\/wp\/v2\/posts\/211912\/revisions"}],"wp:featuredmedia":[{"embeddable":true,"href":"https:\/\/www.europesays.com\/pt\/wp-json\/wp\/v2\/media\/211913"}],"wp:attachment":[{"href":"https:\/\/www.europesays.com\/pt\/wp-json\/wp\/v2\/media?parent=211912"}],"wp:term":[{"taxonomy":"category","embeddable":true,"href":"https:\/\/www.europesays.com\/pt\/wp-json\/wp\/v2\/categories?post=211912"},{"taxonomy":"post_tag","embeddable":true,"href":"https:\/\/www.europesays.com\/pt\/wp-json\/wp\/v2\/tags?post=211912"}],"curies":[{"name":"wp","href":"https:\/\/api.w.org\/{rel}","templated":true}]}}