{"id":211914,"date":"2026-01-02T13:11:10","date_gmt":"2026-01-02T13:11:10","guid":{"rendered":"https:\/\/www.europesays.com\/pt\/211914\/"},"modified":"2026-01-02T13:11:10","modified_gmt":"2026-01-02T13:11:10","slug":"mau-tempo-oito-distritos-sob-aviso-amarelo-observador","status":"publish","type":"post","link":"https:\/\/www.europesays.com\/pt\/211914\/","title":{"rendered":"Mau tempo. Oito distritos sob aviso amarelo \u2013 Observador"},"content":{"rendered":"<p>Oito distritos de Portugal continental est\u00e3o nesta sexta-feira <strong>sob aviso amarelo<\/strong> devido \u00e0 chuva e vento fortes e \u00e0 agita\u00e7\u00e3o mar\u00edtima, alertou o Instituto Portugu\u00eas do Mar e da Atmosfera (IPMA).<\/p>\n<p>De acordo com um comunicado, os distritos da Guarda, Castelo Branco, Coimbra, Leiria, Lisboa, Set\u00fabal, Beja e Faro est\u00e3o <strong>sob alerta<\/strong> devido ao vento de sul\/sueste, com rajadas que poder\u00e3o atingir <strong>110 quil\u00f3metros por hora<\/strong> (km\/h) nas terras altas.<\/p>\n<p>Al\u00e9m disso, o aviso amarelo tamb\u00e9m foi imposto, devido \u00e0 <strong>agita\u00e7\u00e3o mar\u00edtima<\/strong>, com ondas cuja altura pode chegar a <strong>2,5 metros<\/strong>, no distrito de Faro.<\/p>\n<p>A precipita\u00e7\u00e3o por vezes<strong> forte<\/strong>, que pode ser acompanhada de<strong> trovoada<\/strong>, levou ainda o IPMA a emitir um alerta para os distritos de Lisboa, Set\u00fabal, Beja e Faro.<\/p>\n<p>O aviso amarelo, o menos grave numa escala de tr\u00eas, significa um risco moderado ou \u201c<strong>perigo potencial<\/strong>\u201d devido a uma situa\u00e7\u00e3o meteorol\u00f3gica, como chuva forte, ventos ou outros fen\u00f3menos, que pode causar transtornos, mas com uma probabilidade baixa a moderada de causar danos significativos.<\/p>\n","protected":false},"excerpt":{"rendered":"Oito distritos de Portugal continental est\u00e3o nesta sexta-feira sob aviso amarelo devido \u00e0 chuva e vento fortes e&hellip;\n","protected":false},"author":2,"featured_media":211915,"comment_status":"","ping_status":"","sticky":false,"template":"","format":"standard","meta":{"footnotes":""},"categories":[8],"tags":[27,28,442,15,16,14,350,25,26,21,22,606,12,13,19,20,57,32,23,24,33,58,17,18,29,30,31],"class_list":{"0":"post-211914","1":"post","2":"type-post","3":"status-publish","4":"format-standard","5":"has-post-thumbnail","7":"category-principais-noticias","8":"tag-breaking-news","9":"tag-breakingnews","10":"tag-ciu00eancia","11":"tag-featured-news","12":"tag-featurednews","13":"tag-headlines","14":"tag-ipma","15":"tag-latest-news","16":"tag-latestnews","17":"tag-main-news","18":"tag-mainnews","19":"tag-meteorologia","20":"tag-news","21":"tag-noticias","22":"tag-noticias-principais","23":"tag-noticiasprincipais","24":"tag-pau00eds","25":"tag-portugal","26":"tag-principais-noticias","27":"tag-principaisnoticias","28":"tag-pt","29":"tag-sociedade","30":"tag-top-stories","31":"tag-topstories","32":"tag-ultimas","33":"tag-ultimas-noticias","34":"tag-ultimasnoticias"},"share_on_mastodon":{"url":"https:\/\/pubeurope.com\/@pt\/115825677736696372","error":""},"_links":{"self":[{"href":"https:\/\/www.europesays.com\/pt\/wp-json\/wp\/v2\/posts\/211914","targetHints":{"allow":["GET"]}}],"collection":[{"href":"https:\/\/www.europesays.com\/pt\/wp-json\/wp\/v2\/posts"}],"about":[{"href":"https:\/\/www.europesays.com\/pt\/wp-json\/wp\/v2\/types\/post"}],"author":[{"embeddable":true,"href":"https:\/\/www.europesays.com\/pt\/wp-json\/wp\/v2\/users\/2"}],"replies":[{"embeddable":true,"href":"https:\/\/www.europesays.com\/pt\/wp-json\/wp\/v2\/comments?post=211914"}],"version-history":[{"count":0,"href":"https:\/\/www.europesays.com\/pt\/wp-json\/wp\/v2\/posts\/211914\/revisions"}],"wp:featuredmedia":[{"embeddable":true,"href":"https:\/\/www.europesays.com\/pt\/wp-json\/wp\/v2\/media\/211915"}],"wp:attachment":[{"href":"https:\/\/www.europesays.com\/pt\/wp-json\/wp\/v2\/media?parent=211914"}],"wp:term":[{"taxonomy":"category","embeddable":true,"href":"https:\/\/www.europesays.com\/pt\/wp-json\/wp\/v2\/categories?post=211914"},{"taxonomy":"post_tag","embeddable":true,"href":"https:\/\/www.europesays.com\/pt\/wp-json\/wp\/v2\/tags?post=211914"}],"curies":[{"name":"wp","href":"https:\/\/api.w.org\/{rel}","templated":true}]}}