{"id":211927,"date":"2026-01-02T13:21:10","date_gmt":"2026-01-02T13:21:10","guid":{"rendered":"https:\/\/www.europesays.com\/pt\/211927\/"},"modified":"2026-01-02T13:21:10","modified_gmt":"2026-01-02T13:21:10","slug":"galaxy-a57-recebe-nova-certificacao-lancamento-fica-ainda-mais-proximo","status":"publish","type":"post","link":"https:\/\/www.europesays.com\/pt\/211927\/","title":{"rendered":"Galaxy A57 recebe nova certifica\u00e7\u00e3o, lan\u00e7amento fica ainda mais pr\u00f3ximo"},"content":{"rendered":"<p>Chegamos em <strong>2026<\/strong> e os lan\u00e7amentos desse ano prometem destaque, incluindo o Galaxy <strong>A57<\/strong> da <strong>Samsung<\/strong>. O modelo, ali\u00e1s, acaba de passar pela necess\u00e1ria certifica\u00e7\u00e3o <strong>BIS <\/strong>( Bureau of Indian Standards) na \u00cdndia, o que refor\u00e7a seu lan\u00e7amento cada vez mais iminente. A certifica\u00e7\u00e3o n\u00e3o revela tantos detalhes do aparelho, mas refor\u00e7a o que j\u00e1 foi mostrado em outros vazamentos.<\/p>\n<p>Galaxy A57 recebe certifica\u00e7\u00e3o<\/p>\n<p>A certifica\u00e7\u00e3o<strong> BIS<\/strong> \u00e9 obrigat\u00f3ria para vendas na \u00cdndia e costuma ser um dos \u00faltimos passos antes da chegada ao varejo. No caso do<strong> Galaxy A57 5G<\/strong>, isso refor\u00e7a a ideia de um an\u00fancio iminente, possivelmente logo ap\u00f3s o an\u00fancio da s\u00e9rie<strong> Galaxy S26<\/strong>, prevista para chegar entre Fevereiro e Mar\u00e7o desse ano.<\/p>\n<p>De acordo com o que foi recelado, o <strong>Galaxy A57 <\/strong>traz um n\u00famero de modelo <strong>SM-A576B\/DS<\/strong>, o que sugere que ser\u00e1 um modelo de duplo SIM. Isso n\u00e3o \u00e9 uma surpresa, uma vez que grande maioria (se n\u00e3o todos) os celulares da marca contam com suporte para dois chips de operadora.<\/p>\n<p>            &#13;<br \/>\n                    &#13;<br \/>\n                        &#13;<br \/>\n                        &#13;<br \/>\n                        &#13;<br \/>\n                        &#13;<br \/>\n                        <img decoding=\"async\" loading=\"lazy\" width=\"330\" height=\"43\" src=\"https:\/\/www.europesays.com\/pt\/wp-content\/uploads\/2026\/01\/certificacao-a57.jpg\"  alt=\"Certifica\u00e7\u00e3o do Galaxy A57\" title=\"Certifica\u00e7\u00e3o do Galaxy A57\"\/>&#13;<br \/>\n                    Certifica\u00e7\u00e3o do Galaxy A57 &#13;<\/p>\n<p>Galaxy A57 com nova tela<\/p>\n<p>Em not\u00edcias relacionadas, o <strong>Galaxy A57 <\/strong>usar\u00e1 uma tela<strong> OLED <\/strong>fabricada pela conhecida <strong>TCL<\/strong>. Ao que parece, a <a class=\"lib tg-lib\" href=\"https:\/\/www.oficinadanet.com.br\/samsung\" rel=\"nofollow noopener\" target=\"_blank\">Samsung<\/a> quer cortar gastos e usar um produto ainda bom, mas mais barato no seu novo intermedi\u00e1rio. Dizem os boatos que a marca usar\u00e1 um painel <strong>OLED<\/strong> flexivel ao inv\u00e9s de um r\u00eddigo.<\/p>\n<p>As mudan\u00e7as n\u00e3o param por a\u00ed. Espera-se que a <strong>Samsung traga <\/strong>sensores novos e maiores no <strong>A57<\/strong>, que prometem fotos ainda mais incr\u00edveis em compara\u00e7\u00e3o com a gera\u00e7\u00e3o atual. O destaque fica para o sensor principal de <strong>50MP IMX906 da Sony<\/strong>, com tamanho maior (1\/1.56 polegada), que promete capturar mais luz e entregar cores mais vivas.<\/p>\n<p><a href=\"https:\/\/www.sammyfans.com\/2026\/01\/01\/samsung-galaxy-a57-5g-bis-certification-hints-at-imminent-launch\/\" class=\"tg-link-manual\" rel=\"nofollow  noopener\" target=\"_blank\">Fonte <\/a><\/p>\n","protected":false},"excerpt":{"rendered":"Chegamos em 2026 e os lan\u00e7amentos desse ano prometem destaque, incluindo o Galaxy A57 da Samsung. O modelo,&hellip;\n","protected":false},"author":2,"featured_media":211928,"comment_status":"","ping_status":"","sticky":false,"template":"","format":"standard","meta":{"footnotes":""},"categories":[84],"tags":[109,107,108,13,32,33,105,103,104,106,110],"class_list":{"0":"post-211927","1":"post","2":"type-post","3":"status-publish","4":"format-standard","5":"has-post-thumbnail","7":"category-ciencia-e-tecnologia","8":"tag-ciencia","9":"tag-ciencia-e-tecnologia","10":"tag-cienciaetecnologia","11":"tag-noticias","12":"tag-portugal","13":"tag-pt","14":"tag-science","15":"tag-science-and-technology","16":"tag-scienceandtechnology","17":"tag-technology","18":"tag-tecnologia"},"share_on_mastodon":{"url":"https:\/\/pubeurope.com\/@pt\/115825717013675911","error":""},"_links":{"self":[{"href":"https:\/\/www.europesays.com\/pt\/wp-json\/wp\/v2\/posts\/211927","targetHints":{"allow":["GET"]}}],"collection":[{"href":"https:\/\/www.europesays.com\/pt\/wp-json\/wp\/v2\/posts"}],"about":[{"href":"https:\/\/www.europesays.com\/pt\/wp-json\/wp\/v2\/types\/post"}],"author":[{"embeddable":true,"href":"https:\/\/www.europesays.com\/pt\/wp-json\/wp\/v2\/users\/2"}],"replies":[{"embeddable":true,"href":"https:\/\/www.europesays.com\/pt\/wp-json\/wp\/v2\/comments?post=211927"}],"version-history":[{"count":0,"href":"https:\/\/www.europesays.com\/pt\/wp-json\/wp\/v2\/posts\/211927\/revisions"}],"wp:featuredmedia":[{"embeddable":true,"href":"https:\/\/www.europesays.com\/pt\/wp-json\/wp\/v2\/media\/211928"}],"wp:attachment":[{"href":"https:\/\/www.europesays.com\/pt\/wp-json\/wp\/v2\/media?parent=211927"}],"wp:term":[{"taxonomy":"category","embeddable":true,"href":"https:\/\/www.europesays.com\/pt\/wp-json\/wp\/v2\/categories?post=211927"},{"taxonomy":"post_tag","embeddable":true,"href":"https:\/\/www.europesays.com\/pt\/wp-json\/wp\/v2\/tags?post=211927"}],"curies":[{"name":"wp","href":"https:\/\/api.w.org\/{rel}","templated":true}]}}