{"id":211929,"date":"2026-01-02T13:22:09","date_gmt":"2026-01-02T13:22:09","guid":{"rendered":"https:\/\/www.europesays.com\/pt\/211929\/"},"modified":"2026-01-02T13:22:09","modified_gmt":"2026-01-02T13:22:09","slug":"otimistas-com-a-economia-cautelosos-com-o-prr-258-lideres-revelam-as-perspetivas-para-2026-economia","status":"publish","type":"post","link":"https:\/\/www.europesays.com\/pt\/211929\/","title":{"rendered":"Otimistas com a economia, cautelosos com o PRR. 258 l\u00edderes revelam as perspetivas para 2026 &#8211; Economia"},"content":{"rendered":"<p class=\"\">&#13;<br \/>\n        Nesta edi\u00e7\u00e3o do inqu\u00e9rito Neg\u00f3cios para o novo ano, 258 l\u00edderes de empresas e entidades revelaram grande confian\u00e7a na economia portuguesa em 2026, tamb\u00e9m na da Europa, mas h\u00e1 mais d\u00favidas sobre o PIB dos EUA. Antecipam que o novo ano, ainda que desafiante fruto da instabilidade geopol\u00edtica, traga uma evolu\u00e7\u00e3o positiva dos neg\u00f3cios. A falta de m\u00e3o de obra \u00e9 a grande preocupa\u00e7\u00e3o. &#13;\n    <\/p>\n","protected":false},"excerpt":{"rendered":"&#13; Nesta edi\u00e7\u00e3o do inqu\u00e9rito Neg\u00f3cios para o novo ano, 258 l\u00edderes de empresas e entidades revelaram grande&hellip;\n","protected":false},"author":2,"featured_media":211930,"comment_status":"","ping_status":"","sticky":false,"template":"","format":"standard","meta":{"footnotes":""},"categories":[83],"tags":[88,476,1340,40633,89,90,32,33],"class_list":{"0":"post-211929","1":"post","2":"type-post","3":"status-publish","4":"format-standard","5":"has-post-thumbnail","7":"category-empresas","8":"tag-business","9":"tag-economia","10":"tag-economia-geral","11":"tag-economia-negocios-e-financas","12":"tag-economy","13":"tag-empresas","14":"tag-portugal","15":"tag-pt"},"share_on_mastodon":{"url":"https:\/\/pubeurope.com\/@pt\/115825720944647387","error":""},"_links":{"self":[{"href":"https:\/\/www.europesays.com\/pt\/wp-json\/wp\/v2\/posts\/211929","targetHints":{"allow":["GET"]}}],"collection":[{"href":"https:\/\/www.europesays.com\/pt\/wp-json\/wp\/v2\/posts"}],"about":[{"href":"https:\/\/www.europesays.com\/pt\/wp-json\/wp\/v2\/types\/post"}],"author":[{"embeddable":true,"href":"https:\/\/www.europesays.com\/pt\/wp-json\/wp\/v2\/users\/2"}],"replies":[{"embeddable":true,"href":"https:\/\/www.europesays.com\/pt\/wp-json\/wp\/v2\/comments?post=211929"}],"version-history":[{"count":0,"href":"https:\/\/www.europesays.com\/pt\/wp-json\/wp\/v2\/posts\/211929\/revisions"}],"wp:featuredmedia":[{"embeddable":true,"href":"https:\/\/www.europesays.com\/pt\/wp-json\/wp\/v2\/media\/211930"}],"wp:attachment":[{"href":"https:\/\/www.europesays.com\/pt\/wp-json\/wp\/v2\/media?parent=211929"}],"wp:term":[{"taxonomy":"category","embeddable":true,"href":"https:\/\/www.europesays.com\/pt\/wp-json\/wp\/v2\/categories?post=211929"},{"taxonomy":"post_tag","embeddable":true,"href":"https:\/\/www.europesays.com\/pt\/wp-json\/wp\/v2\/tags?post=211929"}],"curies":[{"name":"wp","href":"https:\/\/api.w.org\/{rel}","templated":true}]}}